{"id":1896,"date":"2017-01-25T06:50:48","date_gmt":"2017-01-25T05:50:48","guid":{"rendered":"https:\/\/tageblatt24.eu\/?p=1896"},"modified":"2017-01-25T06:50:48","modified_gmt":"2017-01-25T05:50:48","slug":"cdu-fordert-abschaffung-der-kita-elternbeitraege-ab-august-2018-cdu-fraktionschef-bjoern-thuemler-mehr-bildung-von-anfang-an-fuer-alle","status":"publish","type":"post","link":"https:\/\/tageblatt24.eu\/?p=1896","title":{"rendered":"CDU fordert Abschaffung der Kita-Elternbeitr\u00e4ge ab August 2018 &#8211; CDU-Fraktionschef Bj\u00f6rn Th\u00fcmler: \u201eMehr Bildung von Anfang an &#8211; f\u00fcr alle\u201c"},"content":{"rendered":"<p><img decoding=\"async\" class=\"alignright size-full wp-image-1894\" src=\"https:\/\/tageblatt24.eu\/wp-content\/uploads\/2017\/01\/CDU-Fraktion-im-Nieders\u00e4chsischen-Landtag.jpg\" alt=\"Abschaffung der Kita-Elternbeitr\u00e4ge - CDU-Fraktion im Nieders\u00e4chsischen Landtag\" width=\"430\" height=\"176\" srcset=\"https:\/\/tageblatt24.eu\/wp-content\/uploads\/2017\/01\/CDU-Fraktion-im-Nieders\u00e4chsischen-Landtag.jpg 430w, https:\/\/tageblatt24.eu\/wp-content\/uploads\/2017\/01\/CDU-Fraktion-im-Nieders\u00e4chsischen-Landtag-400x164.jpg 400w, https:\/\/tageblatt24.eu\/wp-content\/uploads\/2017\/01\/CDU-Fraktion-im-Nieders\u00e4chsischen-Landtag-150x61.jpg 150w, https:\/\/tageblatt24.eu\/wp-content\/uploads\/2017\/01\/CDU-Fraktion-im-Nieders\u00e4chsischen-Landtag-300x123.jpg 300w\" sizes=\"(max-width: 430px) 100vw, 430px\" \/><\/p>\n<h2 class=\"ox-ebcf971f55-MsoNormal\"><b><i>Th\u00fcmler: \u201eMehr Bildung von Anfang an \u2013 f\u00fcr alle\u201c \u2013 CDU fordert Abschaffung der Kita-Elternbeitr\u00e4ge ab August 2018<\/i><\/b><\/h2>\n<p class=\"ox-ebcf971f55-MsoNormal\"><b><i>Abschaffung der Kita-Elternbeitr\u00e4ge &#8211;\u00a0<\/i><\/b>Hannover &#8211; CDU-Fraktionschef Bj\u00f6rn Th\u00fcmler fordert die rot-gr\u00fcne Landesregierung auf, die Kita-Elternbeitr\u00e4ge bereits ab dem 1. August 2018 abzuschaffen. Ein entsprechendes, eng mit der Landespartei abgestimmtes Positionspapier hat die CDU-Fraktion in ihrer heutigen Fraktionssitzung verabschiedet. Th\u00fcmler: \u201eDie Vereinbarkeit von Familie und Beruf ist f\u00fcr junge Menschen ein entscheidender Faktor in ihrer Lebensplanung. Die Beitragsfreiheit f\u00fcr das erste und zweite Kindergartenjahr ist deshalb ein wichtiger und mit Blick auf die verbesserte Haushaltslage folgerichtiger Schritt.\u201c Bereits 2007 hatte die damalige CDU-gef\u00fchrte Landesregierung das letzte Kindergartenjahr vor der Einschulung f\u00fcr die Eltern beitragsfrei gestellt.<\/p>\n<p class=\"ox-ebcf971f55-MsoNormal\">\u00a0\u201eDie Betreuungsquote bei den 3- bis 6-J\u00e4hrigen in nieders\u00e4chsischen Kitas ist in den letzten zehn Jahren um knapp 15 Prozentpunkte angestiegen \u2013 ein Trend, der sich durch den Rechtsanspruch der Eltern auf einen Krippenplatz fortsetzen wird\u201c, so Th\u00fcmler weiter. \u201eUmso wichtiger ist es, dass fr\u00fchkindliche Bildung kostenlos f\u00fcr alle Kinder zug\u00e4nglich ist.\u201c Die CDU werde das Anliegen im Rahmen eines Entschlie\u00dfungsantrages im M\u00e4rz auch offiziell in den Landtag einbringen, k\u00fcndigt der Fraktionschef an.<\/p>\n<p>&nbsp;<\/p>\n<p>&nbsp;<\/p>\n<p>***<br \/>\nHerausgeber: CDU-Fraktion im Nieders\u00e4chsischen Landtag<\/p>\n<div class=\"shariff shariff-align-left shariff-widget-align-left shariff-buttonstretch\" style=\"display:none\" data-services=\"facebook%7Cpinterest\" data-url=\"https:\/\/tageblatt24.eu\/?p=1896\" data-timestamp=\"1485327048\" data-hidezero=\"1\" data-backendurl=\"?rest_route=\/shariff\/v1\/share_counts&\"><ul class=\"shariff-buttons theme-default orientation-horizontal buttonsize-medium\"><li class=\"shariff-button facebook shariff-nocustomcolor\" style=\"background-color:#4273c8\"><a href=\"https:\/\/www.facebook.com\/sharer\/sharer.php?u=https%3A%2F%2Ftageblatt24.eu%2F%3Fp%3D1896\" title=\"Bei Facebook teilen\" aria-label=\"Bei Facebook teilen\" role=\"button\" rel=\"nofollow\" class=\"shariff-link\" style=\"; background-color:#3b5998; color:#fff\" target=\"_blank\"><span class=\"shariff-icon\" style=\"\"><svg width=\"32px\" height=\"20px\" xmlns=\"http:\/\/www.w3.org\/2000\/svg\" viewBox=\"0 0 18 32\"><path fill=\"#3b5998\" d=\"M17.1 0.2v4.7h-2.8q-1.5 0-2.1 0.6t-0.5 1.9v3.4h5.2l-0.7 5.3h-4.5v13.6h-5.5v-13.6h-4.5v-5.3h4.5v-3.9q0-3.3 1.9-5.2t5-1.8q2.6 0 4.1 0.2z\"\/><\/svg><\/span><span class=\"shariff-text\">teilen<\/span>&nbsp;<span data-service=\"facebook\" style=\"color:#3b5998\" class=\"shariff-count shariff-hidezero\"><\/span>&nbsp;<\/a><\/li><li class=\"shariff-button twitter shariff-nocustomcolor\" style=\"background-color:#595959\"><a href=\"https:\/\/twitter.com\/share?url=https%3A%2F%2Ftageblatt24.eu%2F%3Fp%3D1896&text=CDU%20fordert%20Abschaffung%20der%20Kita-Elternbeitr%C3%A4ge%20ab%20August%202018%20%E2%80%93%20CDU-Fraktionschef%20Bj%C3%B6rn%20Th%C3%BCmler%3A%20%E2%80%9EMehr%20Bildung%20von%20Anfang%20an%20%E2%80%93%20f%C3%BCr%20alle%E2%80%9C&via=hkorsten\" title=\"Bei X teilen\" aria-label=\"Bei X teilen\" role=\"button\" rel=\"noopener nofollow\" class=\"shariff-link\" style=\"; background-color:#000; color:#fff\" target=\"_blank\"><span class=\"shariff-icon\" style=\"\"><svg width=\"32px\" height=\"20px\" xmlns=\"http:\/\/www.w3.org\/2000\/svg\" viewBox=\"0 0 24 24\"><path fill=\"#000\" d=\"M14.258 10.152L23.176 0h-2.113l-7.747 8.813L7.133 0H0l9.352 13.328L0 23.973h2.113l8.176-9.309 6.531 9.309h7.133zm-2.895 3.293l-.949-1.328L2.875 1.56h3.246l6.086 8.523.945 1.328 7.91 11.078h-3.246zm0 0\"\/><\/svg><\/span><span class=\"shariff-text\">teilen<\/span>&nbsp;<\/a><\/li><li class=\"shariff-button xing shariff-nocustomcolor\" style=\"background-color:#29888a\"><a href=\"https:\/\/www.xing.com\/spi\/shares\/new?url=https%3A%2F%2Ftageblatt24.eu%2F%3Fp%3D1896\" title=\"Bei XING teilen\" aria-label=\"Bei XING teilen\" role=\"button\" rel=\"noopener nofollow\" class=\"shariff-link\" style=\"; background-color:#126567; color:#fff\" target=\"_blank\"><span class=\"shariff-icon\" style=\"\"><svg width=\"32px\" height=\"20px\" xmlns=\"http:\/\/www.w3.org\/2000\/svg\" viewBox=\"0 0 25 32\"><path fill=\"#126567\" d=\"M10.7 11.9q-0.2 0.3-4.6 8.2-0.5 0.8-1.2 0.8h-4.3q-0.4 0-0.5-0.3t0-0.6l4.5-8q0 0 0 0l-2.9-5q-0.2-0.4 0-0.7 0.2-0.3 0.5-0.3h4.3q0.7 0 1.2 0.8zM25.1 0.4q0.2 0.3 0 0.7l-9.4 16.7 6 11q0.2 0.4 0 0.6-0.2 0.3-0.6 0.3h-4.3q-0.7 0-1.2-0.8l-6-11.1q0.3-0.6 9.5-16.8 0.4-0.8 1.2-0.8h4.3q0.4 0 0.5 0.3z\"\/><\/svg><\/span><span class=\"shariff-text\">teilen<\/span>&nbsp;<\/a><\/li><li class=\"shariff-button linkedin shariff-nocustomcolor\" style=\"background-color:#1488bf\"><a href=\"https:\/\/www.linkedin.com\/sharing\/share-offsite\/?url=https%3A%2F%2Ftageblatt24.eu%2F%3Fp%3D1896\" title=\"Bei LinkedIn teilen\" aria-label=\"Bei LinkedIn teilen\" role=\"button\" rel=\"noopener nofollow\" class=\"shariff-link\" style=\"; background-color:#0077b5; color:#fff\" target=\"_blank\"><span class=\"shariff-icon\" style=\"\"><svg width=\"32px\" height=\"20px\" xmlns=\"http:\/\/www.w3.org\/2000\/svg\" viewBox=\"0 0 27 32\"><path fill=\"#0077b5\" d=\"M6.2 11.2v17.7h-5.9v-17.7h5.9zM6.6 5.7q0 1.3-0.9 2.2t-2.4 0.9h0q-1.5 0-2.4-0.9t-0.9-2.2 0.9-2.2 2.4-0.9 2.4 0.9 0.9 2.2zM27.4 18.7v10.1h-5.9v-9.5q0-1.9-0.7-2.9t-2.3-1.1q-1.1 0-1.9 0.6t-1.2 1.5q-0.2 0.5-0.2 1.4v9.9h-5.9q0-7.1 0-11.6t0-5.3l0-0.9h5.9v2.6h0q0.4-0.6 0.7-1t1-0.9 1.6-0.8 2-0.3q3 0 4.9 2t1.9 6z\"\/><\/svg><\/span><span class=\"shariff-text\">teilen<\/span>&nbsp;<\/a><\/li><li class=\"shariff-button pinterest shariff-nocustomcolor\" style=\"background-color:#e70f18\"><a href=\"https:\/\/www.pinterest.com\/pin\/create\/link\/?url=https%3A%2F%2Ftageblatt24.eu%2F%3Fp%3D1896&media=https%3A%2F%2Ftageblatt24.eu%2Fwp-content%2Fuploads%2F2017%2F01%2FCDU-Fraktion-im-Nieders%C3%A4chsischen-Landtag.jpg&description=CDU%20fordert%20Abschaffung%20der%20Kita-Elternbeitr%C3%A4ge%20ab%20August%202018%20%E2%80%93%20CDU-Fraktionschef%20Bj%C3%B6rn%20Th%C3%BCmler%3A%20%E2%80%9EMehr%20Bildung%20von%20Anfang%20an%20%E2%80%93%20f%C3%BCr%20alle%E2%80%9C\" title=\"Bei Pinterest pinnen\" aria-label=\"Bei Pinterest pinnen\" role=\"button\" rel=\"noopener nofollow\" class=\"shariff-link\" style=\"; background-color:#cb2027; color:#fff\" target=\"_blank\"><span class=\"shariff-icon\" style=\"\"><svg width=\"32px\" height=\"20px\" xmlns=\"http:\/\/www.w3.org\/2000\/svg\" viewBox=\"0 0 27 32\"><path fill=\"#cb2027\" d=\"M27.4 16q0 3.7-1.8 6.9t-5 5-6.9 1.9q-2 0-3.9-0.6 1.1-1.7 1.4-2.9 0.2-0.6 1-3.8 0.4 0.7 1.3 1.2t2 0.5q2.1 0 3.8-1.2t2.7-3.4 0.9-4.8q0-2-1.1-3.8t-3.1-2.9-4.5-1.2q-1.9 0-3.5 0.5t-2.8 1.4-2 2-1.2 2.3-0.4 2.4q0 1.9 0.7 3.3t2.1 2q0.5 0.2 0.7-0.4 0-0.1 0.1-0.5t0.2-0.5q0.1-0.4-0.2-0.8-0.9-1.1-0.9-2.7 0-2.7 1.9-4.6t4.9-2q2.7 0 4.2 1.5t1.5 3.8q0 3-1.2 5.2t-3.1 2.1q-1.1 0-1.7-0.8t-0.4-1.9q0.1-0.6 0.5-1.7t0.5-1.8 0.2-1.4q0-0.9-0.5-1.5t-1.4-0.6q-1.1 0-1.9 1t-0.8 2.6q0 1.3 0.4 2.2l-1.8 7.5q-0.3 1.2-0.2 3.2-3.7-1.6-6-5t-2.3-7.6q0-3.7 1.9-6.9t5-5 6.9-1.9 6.9 1.9 5 5 1.8 6.9z\"\/><\/svg><\/span><span class=\"shariff-text\">merken<\/span>&nbsp;<span data-service=\"pinterest\" style=\"color:#cb2027\" class=\"shariff-count shariff-hidezero\"><\/span>&nbsp;<\/a><\/li><\/ul><\/div>","protected":false},"excerpt":{"rendered":"<p>Th\u00fcmler: \u201eMehr Bildung von Anfang an \u2013 f\u00fcr alle\u201c \u2013 CDU fordert Abschaffung der Kita-Elternbeitr\u00e4ge ab August 2018 Abschaffung der Kita-Elternbeitr\u00e4ge &#8211;\u00a0Hannover &#8211; CDU-Fraktionschef Bj\u00f6rn Th\u00fcmler fordert die rot-gr\u00fcne Landesregierung auf, die Kita-Elternbeitr\u00e4ge bereits ab dem 1. August 2018 abzuschaffen. Ein entsprechendes, eng mit der Landespartei abgestimmtes Positionspapier hat die CDU-Fraktion in ihrer heutigen Fraktionssitzung [&hellip;]<\/p>\n","protected":false},"author":1,"featured_media":1894,"comment_status":"open","ping_status":"closed","sticky":false,"template":"","format":"standard","meta":{"site-sidebar-layout":"default","site-content-layout":"","ast-site-content-layout":"default","site-content-style":"default","site-sidebar-style":"default","ast-global-header-display":"","ast-banner-title-visibility":"","ast-main-header-display":"","ast-hfb-above-header-display":"","ast-hfb-below-header-display":"","ast-hfb-mobile-header-display":"","site-post-title":"","ast-breadcrumbs-content":"","ast-featured-img":"","footer-sml-layout":"","ast-disable-related-posts":"","theme-transparent-header-meta":"","adv-header-id-meta":"","stick-header-meta":"","header-above-stick-meta":"","header-main-stick-meta":"","header-below-stick-meta":"","astra-migrate-meta-layouts":"default","ast-page-background-enabled":"default","ast-page-background-meta":{"desktop":{"background-color":"","background-image":"","background-repeat":"repeat","background-position":"center center","background-size":"auto","background-attachment":"scroll","background-type":"","background-media":"","overlay-type":"","overlay-color":"","overlay-opacity":"","overlay-gradient":""},"tablet":{"background-color":"","background-image":"","background-repeat":"repeat","background-position":"center center","background-size":"auto","background-attachment":"scroll","background-type":"","background-media":"","overlay-type":"","overlay-color":"","overlay-opacity":"","overlay-gradient":""},"mobile":{"background-color":"","background-image":"","background-repeat":"repeat","background-position":"center center","background-size":"auto","background-attachment":"scroll","background-type":"","background-media":"","overlay-type":"","overlay-color":"","overlay-opacity":"","overlay-gradient":""}},"ast-content-background-meta":{"desktop":{"background-color":"var(--ast-global-color-5)","background-image":"","background-repeat":"repeat","background-position":"center center","background-size":"auto","background-attachment":"scroll","background-type":"","background-media":"","overlay-type":"","overlay-color":"","overlay-opacity":"","overlay-gradient":""},"tablet":{"background-color":"var(--ast-global-color-5)","background-image":"","background-repeat":"repeat","background-position":"center center","background-size":"auto","background-attachment":"scroll","background-type":"","background-media":"","overlay-type":"","overlay-color":"","overlay-opacity":"","overlay-gradient":""},"mobile":{"background-color":"var(--ast-global-color-5)","background-image":"","background-repeat":"repeat","background-position":"center center","background-size":"auto","background-attachment":"scroll","background-type":"","background-media":"","overlay-type":"","overlay-color":"","overlay-opacity":"","overlay-gradient":""}},"footnotes":""},"categories":[7,42,3,8,64,41],"tags":[],"class_list":["post-1896","post","type-post","status-publish","format-standard","has-post-thumbnail","hentry","category-aktuell","category-allgemein","category-niedersachsen","category-news","category-politik-wirtschaft","category-themen-l-z"],"yoast_head":"<!-- This site is optimized with the Yoast SEO plugin v28.3 - https:\/\/yoast.com\/product\/yoast-seo-wordpress\/ -->\n<title>CDU fordert Abschaffung der Kita-Elternbeitr\u00e4ge ab 08\/2018<\/title>\n<meta name=\"description\" content=\"CDU fordert Abschaffung der Kita-Elternbeitr\u00e4ge ab August 2018 - CDU-Fraktionschef Bj\u00f6rn Th\u00fcmler: \u201eMehr Bildung von Anfang an - f\u00fcr alle\u201c\" \/>\n<meta name=\"robots\" content=\"index, follow, max-snippet:-1, max-image-preview:large, max-video-preview:-1\" \/>\n<link rel=\"canonical\" href=\"https:\/\/tageblatt24.eu\/?p=1896\" \/>\n<meta property=\"og:locale\" content=\"de_DE\" \/>\n<meta property=\"og:type\" content=\"article\" \/>\n<meta property=\"og:title\" content=\"CDU fordert Abschaffung der Kita-Elternbeitr\u00e4ge ab 08\/2018\" \/>\n<meta property=\"og:description\" content=\"CDU fordert Abschaffung der Kita-Elternbeitr\u00e4ge ab August 2018 - CDU-Fraktionschef Bj\u00f6rn Th\u00fcmler: \u201eMehr Bildung von Anfang an - f\u00fcr alle\u201c\" \/>\n<meta property=\"og:url\" content=\"https:\/\/tageblatt24.eu\/?p=1896\" \/>\n<meta property=\"og:site_name\" content=\"Tageblatt24.eu | News &amp; Nachrichten f\u00fcr Tierfreunde\" \/>\n<meta property=\"article:published_time\" content=\"2017-01-25T05:50:48+00:00\" \/>\n<meta property=\"og:image\" content=\"https:\/\/tageblatt24.eu\/wp-content\/uploads\/2017\/01\/CDU-Fraktion-im-Nieders\u00e4chsischen-Landtag.jpg\" \/>\n\t<meta property=\"og:image:width\" content=\"430\" \/>\n\t<meta property=\"og:image:height\" content=\"176\" \/>\n\t<meta property=\"og:image:type\" content=\"image\/jpeg\" \/>\n<meta name=\"author\" content=\"Tageblatt24.eu\" \/>\n<meta name=\"twitter:card\" content=\"summary_large_image\" \/>\n<meta name=\"twitter:label1\" content=\"Verfasst von\" \/>\n\t<meta name=\"twitter:data1\" content=\"Tageblatt24.eu\" \/>\n\t<meta name=\"twitter:label2\" content=\"Gesch\u00e4tzte Lesezeit\" \/>\n\t<meta name=\"twitter:data2\" content=\"1\u00a0Minute\" \/>\n<script type=\"application\/ld+json\" class=\"yoast-schema-graph\">{\"@context\":\"https:\\\/\\\/schema.org\",\"@graph\":[{\"@type\":\"Article\",\"@id\":\"https:\\\/\\\/tageblatt24.eu\\\/?p=1896#article\",\"isPartOf\":{\"@id\":\"https:\\\/\\\/tageblatt24.eu\\\/?p=1896\"},\"author\":{\"name\":\"Tageblatt24.eu\",\"@id\":\"https:\\\/\\\/tageblatt24.eu\\\/#\\\/schema\\\/person\\\/676f81d2e0f46b203faa54bb1d1f455d\"},\"headline\":\"CDU fordert Abschaffung der Kita-Elternbeitr\u00e4ge ab August 2018 &#8211; CDU-Fraktionschef Bj\u00f6rn Th\u00fcmler: \u201eMehr Bildung von Anfang an &#8211; f\u00fcr alle\u201c\",\"datePublished\":\"2017-01-25T05:50:48+00:00\",\"mainEntityOfPage\":{\"@id\":\"https:\\\/\\\/tageblatt24.eu\\\/?p=1896\"},\"wordCount\":231,\"commentCount\":0,\"image\":{\"@id\":\"https:\\\/\\\/tageblatt24.eu\\\/?p=1896#primaryimage\"},\"thumbnailUrl\":\"https:\\\/\\\/tageblatt24.eu\\\/wp-content\\\/uploads\\\/2017\\\/01\\\/CDU-Fraktion-im-Nieders\u00e4chsischen-Landtag.jpg\",\"articleSection\":{\"0\":\"Aktuell\",\"2\":\"Niedersachsen\",\"3\":\"Norddeutschland\",\"4\":\"Politik &amp; Wirtschaft\",\"5\":\"Themen L-Z\"},\"inLanguage\":\"de\",\"potentialAction\":[{\"@type\":\"CommentAction\",\"name\":\"Comment\",\"target\":[\"https:\\\/\\\/tageblatt24.eu\\\/?p=1896#respond\"]}]},{\"@type\":\"WebPage\",\"@id\":\"https:\\\/\\\/tageblatt24.eu\\\/?p=1896\",\"url\":\"https:\\\/\\\/tageblatt24.eu\\\/?p=1896\",\"name\":\"CDU fordert Abschaffung der Kita-Elternbeitr\u00e4ge ab 08\\\/2018\",\"isPartOf\":{\"@id\":\"https:\\\/\\\/tageblatt24.eu\\\/#website\"},\"primaryImageOfPage\":{\"@id\":\"https:\\\/\\\/tageblatt24.eu\\\/?p=1896#primaryimage\"},\"image\":{\"@id\":\"https:\\\/\\\/tageblatt24.eu\\\/?p=1896#primaryimage\"},\"thumbnailUrl\":\"https:\\\/\\\/tageblatt24.eu\\\/wp-content\\\/uploads\\\/2017\\\/01\\\/CDU-Fraktion-im-Nieders\u00e4chsischen-Landtag.jpg\",\"datePublished\":\"2017-01-25T05:50:48+00:00\",\"author\":{\"@id\":\"https:\\\/\\\/tageblatt24.eu\\\/#\\\/schema\\\/person\\\/676f81d2e0f46b203faa54bb1d1f455d\"},\"description\":\"CDU fordert Abschaffung der Kita-Elternbeitr\u00e4ge ab August 2018 - CDU-Fraktionschef Bj\u00f6rn Th\u00fcmler: \u201eMehr Bildung von Anfang an - f\u00fcr alle\u201c\",\"breadcrumb\":{\"@id\":\"https:\\\/\\\/tageblatt24.eu\\\/?p=1896#breadcrumb\"},\"inLanguage\":\"de\",\"potentialAction\":[{\"@type\":\"ReadAction\",\"target\":[\"https:\\\/\\\/tageblatt24.eu\\\/?p=1896\"]}]},{\"@type\":\"ImageObject\",\"inLanguage\":\"de\",\"@id\":\"https:\\\/\\\/tageblatt24.eu\\\/?p=1896#primaryimage\",\"url\":\"https:\\\/\\\/tageblatt24.eu\\\/wp-content\\\/uploads\\\/2017\\\/01\\\/CDU-Fraktion-im-Nieders\u00e4chsischen-Landtag.jpg\",\"contentUrl\":\"https:\\\/\\\/tageblatt24.eu\\\/wp-content\\\/uploads\\\/2017\\\/01\\\/CDU-Fraktion-im-Nieders\u00e4chsischen-Landtag.jpg\",\"width\":\"430\",\"height\":\"176\",\"caption\":\"CDU-Fraktion im Nieders\u00e4chsischen Landtag\"},{\"@type\":\"BreadcrumbList\",\"@id\":\"https:\\\/\\\/tageblatt24.eu\\\/?p=1896#breadcrumb\",\"itemListElement\":[{\"@type\":\"ListItem\",\"position\":1,\"name\":\"Start\",\"item\":\"https:\\\/\\\/tageblatt24.eu\\\/\"},{\"@type\":\"ListItem\",\"position\":2,\"name\":\"CDU fordert Abschaffung der Kita-Elternbeitr\u00e4ge ab August 2018 &#8211; CDU-Fraktionschef Bj\u00f6rn Th\u00fcmler: \u201eMehr Bildung von Anfang an &#8211; f\u00fcr alle\u201c\"}]},{\"@type\":\"WebSite\",\"@id\":\"https:\\\/\\\/tageblatt24.eu\\\/#website\",\"url\":\"https:\\\/\\\/tageblatt24.eu\\\/\",\"name\":\"Tageblatt24.eu | News &amp; Nachrichten f\u00fcr Tierfreunde\",\"description\":\"Das Nachrichtenmagazin f\u00fcr Tierfreunde aus Hamburg \u2013 Bremen \u2013 Niedersachsen \u2013 Schleswig-Holstein und der Welt\",\"potentialAction\":[{\"@type\":\"SearchAction\",\"target\":{\"@type\":\"EntryPoint\",\"urlTemplate\":\"https:\\\/\\\/tageblatt24.eu\\\/?s={search_term_string}\"},\"query-input\":{\"@type\":\"PropertyValueSpecification\",\"valueRequired\":true,\"valueName\":\"search_term_string\"}}],\"inLanguage\":\"de\"},{\"@type\":\"Person\",\"@id\":\"https:\\\/\\\/tageblatt24.eu\\\/#\\\/schema\\\/person\\\/676f81d2e0f46b203faa54bb1d1f455d\",\"name\":\"Tageblatt24.eu\",\"url\":\"https:\\\/\\\/tageblatt24.eu\\\/?author=1\"}]}<\/script>\n<!-- \/ Yoast SEO plugin. -->","yoast_head_json":{"title":"CDU fordert Abschaffung der Kita-Elternbeitr\u00e4ge ab 08\/2018","description":"CDU fordert Abschaffung der Kita-Elternbeitr\u00e4ge ab August 2018 - CDU-Fraktionschef Bj\u00f6rn Th\u00fcmler: \u201eMehr Bildung von Anfang an - f\u00fcr alle\u201c","robots":{"index":"index","follow":"follow","max-snippet":"max-snippet:-1","max-image-preview":"max-image-preview:large","max-video-preview":"max-video-preview:-1"},"canonical":"https:\/\/tageblatt24.eu\/?p=1896","og_locale":"de_DE","og_type":"article","og_title":"CDU fordert Abschaffung der Kita-Elternbeitr\u00e4ge ab 08\/2018","og_description":"CDU fordert Abschaffung der Kita-Elternbeitr\u00e4ge ab August 2018 - CDU-Fraktionschef Bj\u00f6rn Th\u00fcmler: \u201eMehr Bildung von Anfang an - f\u00fcr alle\u201c","og_url":"https:\/\/tageblatt24.eu\/?p=1896","og_site_name":"Tageblatt24.eu | News &amp; Nachrichten f\u00fcr Tierfreunde","article_published_time":"2017-01-25T05:50:48+00:00","og_image":[{"width":430,"height":176,"url":"https:\/\/tageblatt24.eu\/wp-content\/uploads\/2017\/01\/CDU-Fraktion-im-Nieders\u00e4chsischen-Landtag.jpg","type":"image\/jpeg"}],"author":"Tageblatt24.eu","twitter_card":"summary_large_image","twitter_misc":{"Verfasst von":"Tageblatt24.eu","Gesch\u00e4tzte Lesezeit":"1\u00a0Minute"},"schema":{"@context":"https:\/\/schema.org","@graph":[{"@type":"Article","@id":"https:\/\/tageblatt24.eu\/?p=1896#article","isPartOf":{"@id":"https:\/\/tageblatt24.eu\/?p=1896"},"author":{"name":"Tageblatt24.eu","@id":"https:\/\/tageblatt24.eu\/#\/schema\/person\/676f81d2e0f46b203faa54bb1d1f455d"},"headline":"CDU fordert Abschaffung der Kita-Elternbeitr\u00e4ge ab August 2018 &#8211; CDU-Fraktionschef Bj\u00f6rn Th\u00fcmler: \u201eMehr Bildung von Anfang an &#8211; f\u00fcr alle\u201c","datePublished":"2017-01-25T05:50:48+00:00","mainEntityOfPage":{"@id":"https:\/\/tageblatt24.eu\/?p=1896"},"wordCount":231,"commentCount":0,"image":{"@id":"https:\/\/tageblatt24.eu\/?p=1896#primaryimage"},"thumbnailUrl":"https:\/\/tageblatt24.eu\/wp-content\/uploads\/2017\/01\/CDU-Fraktion-im-Nieders\u00e4chsischen-Landtag.jpg","articleSection":{"0":"Aktuell","2":"Niedersachsen","3":"Norddeutschland","4":"Politik &amp; Wirtschaft","5":"Themen L-Z"},"inLanguage":"de","potentialAction":[{"@type":"CommentAction","name":"Comment","target":["https:\/\/tageblatt24.eu\/?p=1896#respond"]}]},{"@type":"WebPage","@id":"https:\/\/tageblatt24.eu\/?p=1896","url":"https:\/\/tageblatt24.eu\/?p=1896","name":"CDU fordert Abschaffung der Kita-Elternbeitr\u00e4ge ab 08\/2018","isPartOf":{"@id":"https:\/\/tageblatt24.eu\/#website"},"primaryImageOfPage":{"@id":"https:\/\/tageblatt24.eu\/?p=1896#primaryimage"},"image":{"@id":"https:\/\/tageblatt24.eu\/?p=1896#primaryimage"},"thumbnailUrl":"https:\/\/tageblatt24.eu\/wp-content\/uploads\/2017\/01\/CDU-Fraktion-im-Nieders\u00e4chsischen-Landtag.jpg","datePublished":"2017-01-25T05:50:48+00:00","author":{"@id":"https:\/\/tageblatt24.eu\/#\/schema\/person\/676f81d2e0f46b203faa54bb1d1f455d"},"description":"CDU fordert Abschaffung der Kita-Elternbeitr\u00e4ge ab August 2018 - CDU-Fraktionschef Bj\u00f6rn Th\u00fcmler: \u201eMehr Bildung von Anfang an - f\u00fcr alle\u201c","breadcrumb":{"@id":"https:\/\/tageblatt24.eu\/?p=1896#breadcrumb"},"inLanguage":"de","potentialAction":[{"@type":"ReadAction","target":["https:\/\/tageblatt24.eu\/?p=1896"]}]},{"@type":"ImageObject","inLanguage":"de","@id":"https:\/\/tageblatt24.eu\/?p=1896#primaryimage","url":"https:\/\/tageblatt24.eu\/wp-content\/uploads\/2017\/01\/CDU-Fraktion-im-Nieders\u00e4chsischen-Landtag.jpg","contentUrl":"https:\/\/tageblatt24.eu\/wp-content\/uploads\/2017\/01\/CDU-Fraktion-im-Nieders\u00e4chsischen-Landtag.jpg","width":"430","height":"176","caption":"CDU-Fraktion im Nieders\u00e4chsischen Landtag"},{"@type":"BreadcrumbList","@id":"https:\/\/tageblatt24.eu\/?p=1896#breadcrumb","itemListElement":[{"@type":"ListItem","position":1,"name":"Start","item":"https:\/\/tageblatt24.eu\/"},{"@type":"ListItem","position":2,"name":"CDU fordert Abschaffung der Kita-Elternbeitr\u00e4ge ab August 2018 &#8211; CDU-Fraktionschef Bj\u00f6rn Th\u00fcmler: \u201eMehr Bildung von Anfang an &#8211; f\u00fcr alle\u201c"}]},{"@type":"WebSite","@id":"https:\/\/tageblatt24.eu\/#website","url":"https:\/\/tageblatt24.eu\/","name":"Tageblatt24.eu | News &amp; Nachrichten f\u00fcr Tierfreunde","description":"Das Nachrichtenmagazin f\u00fcr Tierfreunde aus Hamburg \u2013 Bremen \u2013 Niedersachsen \u2013 Schleswig-Holstein und der Welt","potentialAction":[{"@type":"SearchAction","target":{"@type":"EntryPoint","urlTemplate":"https:\/\/tageblatt24.eu\/?s={search_term_string}"},"query-input":{"@type":"PropertyValueSpecification","valueRequired":true,"valueName":"search_term_string"}}],"inLanguage":"de"},{"@type":"Person","@id":"https:\/\/tageblatt24.eu\/#\/schema\/person\/676f81d2e0f46b203faa54bb1d1f455d","name":"Tageblatt24.eu","url":"https:\/\/tageblatt24.eu\/?author=1"}]}},"_links":{"self":[{"href":"https:\/\/tageblatt24.eu\/index.php?rest_route=\/wp\/v2\/posts\/1896","targetHints":{"allow":["GET"]}}],"collection":[{"href":"https:\/\/tageblatt24.eu\/index.php?rest_route=\/wp\/v2\/posts"}],"about":[{"href":"https:\/\/tageblatt24.eu\/index.php?rest_route=\/wp\/v2\/types\/post"}],"author":[{"embeddable":true,"href":"https:\/\/tageblatt24.eu\/index.php?rest_route=\/wp\/v2\/users\/1"}],"replies":[{"embeddable":true,"href":"https:\/\/tageblatt24.eu\/index.php?rest_route=%2Fwp%2Fv2%2Fcomments&post=1896"}],"version-history":[{"count":0,"href":"https:\/\/tageblatt24.eu\/index.php?rest_route=\/wp\/v2\/posts\/1896\/revisions"}],"wp:featuredmedia":[{"embeddable":true,"href":"https:\/\/tageblatt24.eu\/index.php?rest_route=\/wp\/v2\/media\/1894"}],"wp:attachment":[{"href":"https:\/\/tageblatt24.eu\/index.php?rest_route=%2Fwp%2Fv2%2Fmedia&parent=1896"}],"wp:term":[{"taxonomy":"category","embeddable":true,"href":"https:\/\/tageblatt24.eu\/index.php?rest_route=%2Fwp%2Fv2%2Fcategories&post=1896"},{"taxonomy":"post_tag","embeddable":true,"href":"https:\/\/tageblatt24.eu\/index.php?rest_route=%2Fwp%2Fv2%2Ftags&post=1896"}],"curies":[{"name":"wp","href":"https:\/\/api.w.org\/{rel}","templated":true}]}}