{"id":1996,"date":"2017-01-26T18:58:19","date_gmt":"2017-01-26T17:58:19","guid":{"rendered":"https:\/\/tageblatt24.eu\/?p=1996"},"modified":"2017-01-26T18:58:19","modified_gmt":"2017-01-26T17:58:19","slug":"jadebay-projektfoerderung-kuemmert-sich-um-fachkraeftesicherung-im-rahmen-des-regionalen-fachkraeftebuendnisses","status":"publish","type":"post","link":"https:\/\/tageblatt24.eu\/?p=1996","title":{"rendered":"JadeBay Projektf\u00f6rderung k\u00fcmmert sich um Fachkr\u00e4ftesicherung im Rahmen des Regionalen Fachkr\u00e4fteb\u00fcndnisses"},"content":{"rendered":"<p><img decoding=\"async\" class=\"alignright size-full wp-image-1870\" src=\"https:\/\/tageblatt24.eu\/wp-content\/uploads\/2017\/01\/Tageblatt24-News-Nachrichten-Niedersachsen.jpg\" alt=\"JadeBay Niedersachsen\" width=\"300\" height=\"300\" srcset=\"https:\/\/tageblatt24.eu\/wp-content\/uploads\/2017\/01\/Tageblatt24-News-Nachrichten-Niedersachsen.jpg 300w, https:\/\/tageblatt24.eu\/wp-content\/uploads\/2017\/01\/Tageblatt24-News-Nachrichten-Niedersachsen-210x210.jpg 210w, https:\/\/tageblatt24.eu\/wp-content\/uploads\/2017\/01\/Tageblatt24-News-Nachrichten-Niedersachsen-252x252.jpg 252w, https:\/\/tageblatt24.eu\/wp-content\/uploads\/2017\/01\/Tageblatt24-News-Nachrichten-Niedersachsen-150x150.jpg 150w, https:\/\/tageblatt24.eu\/wp-content\/uploads\/2017\/01\/Tageblatt24-News-Nachrichten-Niedersachsen-157x157.jpg 157w\" sizes=\"(max-width: 300px) 100vw, 300px\" \/><\/p>\n<h2>Projektf\u00f6rderung JadeBay: Fachkr\u00e4ftesicherung im Rahmen des Regionalen Fachkr\u00e4fteb\u00fcndnisses<\/h2>\n<p><strong><em>JadeBay<\/em><\/strong> &#8211; Im Rahmen des Regionalen Fachkr\u00e4fteb\u00fcndnisses unterst\u00fctzt das Wirtschaftsministerium strukturbildende Ma\u00dfnahmen zur Fachkr\u00e4ftesicherung in der JadeBay-Region. Ziel des Projektes ist es, vor allem H\u00f6herqualifizierte sowie junge Menschen und Arbeitslose f\u00fcr den Arbeitsmarkt zu gewinnen und in der Region zu halten. Das Projekt wird im gesamten Raum des Regionalen Fachkr\u00e4fteb\u00fcndnisses JadeBay durchgef\u00fchrt (LK Wesermarsch, Friesland, Wittmund und die kreisfreie Stadt Wilhelmshaven) und hat eine Laufzeit von zwei Jahren. Das Projekt wird mit 280.000 Euro aus ESF-Mitteln gef\u00f6rdert.<\/p>\n<p>Wirtschaftsminister Olaf Lies: \u201eDie demografische Entwicklung stellt die JadeBay-Region vor noch gr\u00f6\u00dfere Herausforderungen als Niedersachsen insgesamt. Um die Attraktivit\u00e4t der Region f\u00fcr Fachkr\u00e4fte zu erh\u00f6hen und ein Abwandern von jungen Menschen zu verhindern, setzt das regionale Fachkr\u00e4fteb\u00fcndnis gleich an mehreren Stellen an und spricht unterschiedliche Personengruppen an. Durch vielf\u00e4ltige Aktionen sollen verst\u00e4rkt die beruflichen Perspektiven von arbeitslosen Menschen, H\u00f6herqualifizierten und jungen Menschen gerade auch in der JadeBay-Region aufgezeigt werden.&#8220;<\/p>\n<p>Speziell f\u00fcr arbeitslose Menschen werden in der ausgew\u00e4hlten Modellregion Wesermarsch sogenannte \u201eK\u00fcmmerer&#8220; eingesetzt, die in enger Abstimmung mit dem Jobcenter und anderen Arbeits- und Wirtschaftsakteuren Unternehmen begleiten und unterst\u00fctzen, damit die eingestellten Personen langfristig im Betrieb verbleiben. H\u00e4ufig verl\u00e4sst die Zielgruppe aus unterschiedlichen Gr\u00fcnden ein Unternehmen innerhalb eines Jahres nach Einstellung wieder. Das soll mit dem Projekt verhindert werden und eine nachhaltige Integrationsquote erreicht werden.<\/p>\n<p>H\u00f6herqualifizierte Personen, die aus dem Studium aussteigen, sollen M\u00f6glichkeiten f\u00fcr eine betriebliche Ausbildung oder ein Besch\u00e4ftigungsverh\u00e4ltnis in der Region aufgezeigt werden. Das sensible Thema des Studienabbruchs soll \u201eenttabuisiert&#8220; werden und Alternativen in der Region angeboten werden. Als Modellregion wurde Wilhelmshaven als gr\u00f6\u00dfter Standort der Jade Hochschule ausgew\u00e4hlt. Dort steigen alleine j\u00e4hrlich knapp 700 Personen in den Studieng\u00e4ngen Ingenieurwissenschaften, Medienwissenschaften und Wirtschaft aus dem Studium aus. Wilhelmshavens Oberb\u00fcrgermeister Andreas Wagner sieht in dem Projekt gro\u00dfes Potenzial nicht nur f\u00fcr die Jadestadt, sondern f\u00fcr die gesamte Region. \u201eDer Bedarf an gut ausgebildeten und hoch qualifizierten Mitarbeitern ist in den hiesigen Unternehmen hoch. Das bietet vor allem f\u00fcr Studienaussteiger gute Chancen f\u00fcr einen erfolgreichen Einstieg in den Arbeitsmarkt &#8211; und f\u00fcr die Stadt die Chance, diese jungen Menschen hier zu halten.&#8220; Im Rahmen des Projekts sollen insbesondere Studierende und Unternehmen beraten und sensibilisiert werden und gemeinsame Aktionen des Fachkr\u00e4fteb\u00fcndnisses JadeBay durchgef\u00fchrt werden, wie zum Beispiel feste Beratungssprechtage f\u00fcr Studierende an der Hochschule in Zusammenarbeit mit Arbeitsagenturen, Jobcentern und Kammern.<\/p>\n<p>Das Projekt soll auch durch vielf\u00e4ltige Aktionen gerade jungen Menschen im Alter von 16 bis 25 Jahren die beruflichen M\u00f6glichkeiten und die Attraktivit\u00e4t der Region aufzuzeigen, z.B. im Rahmen von Vorlesungen, im Schulunterricht und auf Messen. Unternehmen der Region sollen als Botschafter der JadeBay-Region gewonnen werden und gemeinsam mit dem B\u00fcndnis f\u00fcr die Region werben.<\/p>\n<p class=\"c1\"><span style=\"text-decoration: underline;\">Hintergrund zu den Regionalen Fachkr\u00e4fteb\u00fcndnissen:<\/span><\/p>\n<p>Das Land hatte im August 2015 acht Regionale Fachkr\u00e4fteb\u00fcndnisse anerkannt und ihnen jeweils ein Budget zugewiesen. Sie sollen die Fachkr\u00e4fteversorgung verbessern und gleichzeitig die im Jahr 2014 ins Leben gerufene landesweite Fachkr\u00e4fteinitiative Niedersachsen auf der regionalen Ebene verankern.<\/p>\n<p>***<br \/>\nHerausgeber:\u00a0Nds. Ministerium f\u00fcr Wirtschaft, Arbeit und Verkehr<\/p>\n<p><a href=\"https:\/\/tageblatt24.eu\/category\/aktuell\/news\/niedersachsen\/\" class=\"blc-broken-link\" data-blc-broken=\"1\"><img decoding=\"async\" class=\"size-full wp-image-1665 alignnone\" src=\"https:\/\/tageblatt24.eu\/wp-content\/uploads\/2017\/01\/Weitere-Meldungen-aus-Niedersachsen.jpg\" alt=\"Weitere Meldungen aus Niedersachsen\" width=\"640\" height=\"90\" srcset=\"https:\/\/tageblatt24.eu\/wp-content\/uploads\/2017\/01\/Weitere-Meldungen-aus-Niedersachsen.jpg 640w, https:\/\/tageblatt24.eu\/wp-content\/uploads\/2017\/01\/Weitere-Meldungen-aus-Niedersachsen-400x56.jpg 400w, https:\/\/tageblatt24.eu\/wp-content\/uploads\/2017\/01\/Weitere-Meldungen-aus-Niedersachsen-480x68.jpg 480w, https:\/\/tageblatt24.eu\/wp-content\/uploads\/2017\/01\/Weitere-Meldungen-aus-Niedersachsen-150x21.jpg 150w, https:\/\/tageblatt24.eu\/wp-content\/uploads\/2017\/01\/Weitere-Meldungen-aus-Niedersachsen-300x42.jpg 300w\" sizes=\"(max-width: 640px) 100vw, 640px\" \/><\/a><\/p>\n<div class=\"shariff shariff-align-left shariff-widget-align-left shariff-buttonstretch\" style=\"display:none\" data-services=\"facebook%7Cpinterest\" data-url=\"https:\/\/tageblatt24.eu\/?p=1996\" data-timestamp=\"1485457099\" data-hidezero=\"1\" data-backendurl=\"?rest_route=\/shariff\/v1\/share_counts&\"><ul class=\"shariff-buttons theme-default orientation-horizontal buttonsize-medium\"><li class=\"shariff-button facebook shariff-nocustomcolor\" style=\"background-color:#4273c8\"><a href=\"https:\/\/www.facebook.com\/sharer\/sharer.php?u=https%3A%2F%2Ftageblatt24.eu%2F%3Fp%3D1996\" title=\"Bei Facebook teilen\" aria-label=\"Bei Facebook teilen\" role=\"button\" rel=\"nofollow\" class=\"shariff-link\" style=\"; background-color:#3b5998; color:#fff\" target=\"_blank\"><span class=\"shariff-icon\" style=\"\"><svg width=\"32px\" height=\"20px\" xmlns=\"http:\/\/www.w3.org\/2000\/svg\" viewBox=\"0 0 18 32\"><path fill=\"#3b5998\" d=\"M17.1 0.2v4.7h-2.8q-1.5 0-2.1 0.6t-0.5 1.9v3.4h5.2l-0.7 5.3h-4.5v13.6h-5.5v-13.6h-4.5v-5.3h4.5v-3.9q0-3.3 1.9-5.2t5-1.8q2.6 0 4.1 0.2z\"\/><\/svg><\/span><span class=\"shariff-text\">teilen<\/span>&nbsp;<span data-service=\"facebook\" style=\"color:#3b5998\" class=\"shariff-count shariff-hidezero\"><\/span>&nbsp;<\/a><\/li><li class=\"shariff-button twitter shariff-nocustomcolor\" style=\"background-color:#595959\"><a href=\"https:\/\/twitter.com\/share?url=https%3A%2F%2Ftageblatt24.eu%2F%3Fp%3D1996&text=JadeBay%20Projektf%C3%B6rderung%20k%C3%BCmmert%20sich%20um%20Fachkr%C3%A4ftesicherung%20im%20Rahmen%20des%20Regionalen%20Fachkr%C3%A4fteb%C3%BCndnisses&via=hkorsten\" title=\"Bei X teilen\" aria-label=\"Bei X teilen\" role=\"button\" rel=\"noopener nofollow\" class=\"shariff-link\" style=\"; background-color:#000; color:#fff\" target=\"_blank\"><span class=\"shariff-icon\" style=\"\"><svg width=\"32px\" height=\"20px\" xmlns=\"http:\/\/www.w3.org\/2000\/svg\" viewBox=\"0 0 24 24\"><path fill=\"#000\" d=\"M14.258 10.152L23.176 0h-2.113l-7.747 8.813L7.133 0H0l9.352 13.328L0 23.973h2.113l8.176-9.309 6.531 9.309h7.133zm-2.895 3.293l-.949-1.328L2.875 1.56h3.246l6.086 8.523.945 1.328 7.91 11.078h-3.246zm0 0\"\/><\/svg><\/span><span class=\"shariff-text\">teilen<\/span>&nbsp;<\/a><\/li><li class=\"shariff-button xing shariff-nocustomcolor\" style=\"background-color:#29888a\"><a href=\"https:\/\/www.xing.com\/spi\/shares\/new?url=https%3A%2F%2Ftageblatt24.eu%2F%3Fp%3D1996\" title=\"Bei XING teilen\" aria-label=\"Bei XING teilen\" role=\"button\" rel=\"noopener nofollow\" class=\"shariff-link\" style=\"; background-color:#126567; color:#fff\" target=\"_blank\"><span class=\"shariff-icon\" style=\"\"><svg width=\"32px\" height=\"20px\" xmlns=\"http:\/\/www.w3.org\/2000\/svg\" viewBox=\"0 0 25 32\"><path fill=\"#126567\" d=\"M10.7 11.9q-0.2 0.3-4.6 8.2-0.5 0.8-1.2 0.8h-4.3q-0.4 0-0.5-0.3t0-0.6l4.5-8q0 0 0 0l-2.9-5q-0.2-0.4 0-0.7 0.2-0.3 0.5-0.3h4.3q0.7 0 1.2 0.8zM25.1 0.4q0.2 0.3 0 0.7l-9.4 16.7 6 11q0.2 0.4 0 0.6-0.2 0.3-0.6 0.3h-4.3q-0.7 0-1.2-0.8l-6-11.1q0.3-0.6 9.5-16.8 0.4-0.8 1.2-0.8h4.3q0.4 0 0.5 0.3z\"\/><\/svg><\/span><span class=\"shariff-text\">teilen<\/span>&nbsp;<\/a><\/li><li class=\"shariff-button linkedin shariff-nocustomcolor\" style=\"background-color:#1488bf\"><a href=\"https:\/\/www.linkedin.com\/sharing\/share-offsite\/?url=https%3A%2F%2Ftageblatt24.eu%2F%3Fp%3D1996\" title=\"Bei LinkedIn teilen\" aria-label=\"Bei LinkedIn teilen\" role=\"button\" rel=\"noopener nofollow\" class=\"shariff-link\" style=\"; background-color:#0077b5; color:#fff\" target=\"_blank\"><span class=\"shariff-icon\" style=\"\"><svg width=\"32px\" height=\"20px\" xmlns=\"http:\/\/www.w3.org\/2000\/svg\" viewBox=\"0 0 27 32\"><path fill=\"#0077b5\" d=\"M6.2 11.2v17.7h-5.9v-17.7h5.9zM6.6 5.7q0 1.3-0.9 2.2t-2.4 0.9h0q-1.5 0-2.4-0.9t-0.9-2.2 0.9-2.2 2.4-0.9 2.4 0.9 0.9 2.2zM27.4 18.7v10.1h-5.9v-9.5q0-1.9-0.7-2.9t-2.3-1.1q-1.1 0-1.9 0.6t-1.2 1.5q-0.2 0.5-0.2 1.4v9.9h-5.9q0-7.1 0-11.6t0-5.3l0-0.9h5.9v2.6h0q0.4-0.6 0.7-1t1-0.9 1.6-0.8 2-0.3q3 0 4.9 2t1.9 6z\"\/><\/svg><\/span><span class=\"shariff-text\">teilen<\/span>&nbsp;<\/a><\/li><li class=\"shariff-button pinterest shariff-nocustomcolor\" style=\"background-color:#e70f18\"><a href=\"https:\/\/www.pinterest.com\/pin\/create\/link\/?url=https%3A%2F%2Ftageblatt24.eu%2F%3Fp%3D1996&media=https%3A%2F%2Ftageblatt24.eu%2Fwp-content%2Fuploads%2F2017%2F01%2FTageblatt24-News-Nachrichten-Niedersachsen.jpg&description=JadeBay%20Projektf%C3%B6rderung%20k%C3%BCmmert%20sich%20um%20Fachkr%C3%A4ftesicherung%20im%20Rahmen%20des%20Regionalen%20Fachkr%C3%A4fteb%C3%BCndnisses\" title=\"Bei Pinterest pinnen\" aria-label=\"Bei Pinterest pinnen\" role=\"button\" rel=\"noopener nofollow\" class=\"shariff-link\" style=\"; background-color:#cb2027; color:#fff\" target=\"_blank\"><span class=\"shariff-icon\" style=\"\"><svg width=\"32px\" height=\"20px\" xmlns=\"http:\/\/www.w3.org\/2000\/svg\" viewBox=\"0 0 27 32\"><path fill=\"#cb2027\" d=\"M27.4 16q0 3.7-1.8 6.9t-5 5-6.9 1.9q-2 0-3.9-0.6 1.1-1.7 1.4-2.9 0.2-0.6 1-3.8 0.4 0.7 1.3 1.2t2 0.5q2.1 0 3.8-1.2t2.7-3.4 0.9-4.8q0-2-1.1-3.8t-3.1-2.9-4.5-1.2q-1.9 0-3.5 0.5t-2.8 1.4-2 2-1.2 2.3-0.4 2.4q0 1.9 0.7 3.3t2.1 2q0.5 0.2 0.7-0.4 0-0.1 0.1-0.5t0.2-0.5q0.1-0.4-0.2-0.8-0.9-1.1-0.9-2.7 0-2.7 1.9-4.6t4.9-2q2.7 0 4.2 1.5t1.5 3.8q0 3-1.2 5.2t-3.1 2.1q-1.1 0-1.7-0.8t-0.4-1.9q0.1-0.6 0.5-1.7t0.5-1.8 0.2-1.4q0-0.9-0.5-1.5t-1.4-0.6q-1.1 0-1.9 1t-0.8 2.6q0 1.3 0.4 2.2l-1.8 7.5q-0.3 1.2-0.2 3.2-3.7-1.6-6-5t-2.3-7.6q0-3.7 1.9-6.9t5-5 6.9-1.9 6.9 1.9 5 5 1.8 6.9z\"\/><\/svg><\/span><span class=\"shariff-text\">merken<\/span>&nbsp;<span data-service=\"pinterest\" style=\"color:#cb2027\" class=\"shariff-count shariff-hidezero\"><\/span>&nbsp;<\/a><\/li><\/ul><\/div>","protected":false},"excerpt":{"rendered":"<p>Projektf\u00f6rderung JadeBay: Fachkr\u00e4ftesicherung im Rahmen des Regionalen Fachkr\u00e4fteb\u00fcndnisses JadeBay &#8211; Im Rahmen des Regionalen Fachkr\u00e4fteb\u00fcndnisses unterst\u00fctzt das Wirtschaftsministerium strukturbildende Ma\u00dfnahmen zur Fachkr\u00e4ftesicherung in der JadeBay-Region. Ziel des Projektes ist es, vor allem H\u00f6herqualifizierte sowie junge Menschen und Arbeitslose f\u00fcr den Arbeitsmarkt zu gewinnen und in der Region zu halten. Das Projekt wird im gesamten Raum [&hellip;]<\/p>\n","protected":false},"author":1,"featured_media":1870,"comment_status":"open","ping_status":"closed","sticky":false,"template":"","format":"standard","meta":{"site-sidebar-layout":"default","site-content-layout":"","ast-site-content-layout":"default","site-content-style":"default","site-sidebar-style":"default","ast-global-header-display":"","ast-banner-title-visibility":"","ast-main-header-display":"","ast-hfb-above-header-display":"","ast-hfb-below-header-display":"","ast-hfb-mobile-header-display":"","site-post-title":"","ast-breadcrumbs-content":"","ast-featured-img":"","footer-sml-layout":"","ast-disable-related-posts":"","theme-transparent-header-meta":"","adv-header-id-meta":"","stick-header-meta":"","header-above-stick-meta":"","header-main-stick-meta":"","header-below-stick-meta":"","astra-migrate-meta-layouts":"default","ast-page-background-enabled":"default","ast-page-background-meta":{"desktop":{"background-color":"","background-image":"","background-repeat":"repeat","background-position":"center center","background-size":"auto","background-attachment":"scroll","background-type":"","background-media":"","overlay-type":"","overlay-color":"","overlay-opacity":"","overlay-gradient":""},"tablet":{"background-color":"","background-image":"","background-repeat":"repeat","background-position":"center center","background-size":"auto","background-attachment":"scroll","background-type":"","background-media":"","overlay-type":"","overlay-color":"","overlay-opacity":"","overlay-gradient":""},"mobile":{"background-color":"","background-image":"","background-repeat":"repeat","background-position":"center center","background-size":"auto","background-attachment":"scroll","background-type":"","background-media":"","overlay-type":"","overlay-color":"","overlay-opacity":"","overlay-gradient":""}},"ast-content-background-meta":{"desktop":{"background-color":"var(--ast-global-color-5)","background-image":"","background-repeat":"repeat","background-position":"center center","background-size":"auto","background-attachment":"scroll","background-type":"","background-media":"","overlay-type":"","overlay-color":"","overlay-opacity":"","overlay-gradient":""},"tablet":{"background-color":"var(--ast-global-color-5)","background-image":"","background-repeat":"repeat","background-position":"center center","background-size":"auto","background-attachment":"scroll","background-type":"","background-media":"","overlay-type":"","overlay-color":"","overlay-opacity":"","overlay-gradient":""},"mobile":{"background-color":"var(--ast-global-color-5)","background-image":"","background-repeat":"repeat","background-position":"center center","background-size":"auto","background-attachment":"scroll","background-type":"","background-media":"","overlay-type":"","overlay-color":"","overlay-opacity":"","overlay-gradient":""}},"footnotes":""},"categories":[7,42,38,3,8,64,1,41,66],"tags":[],"class_list":["post-1996","post","type-post","status-publish","format-standard","has-post-thumbnail","hentry","category-aktuell","category-allgemein","category-arbeit-jobsuche","category-niedersachsen","category-news","category-politik-wirtschaft","category-themen-a-k","category-themen-l-z","category-wissenschaft-technik"],"yoast_head":"<!-- This site is optimized with the Yoast SEO plugin v28.3 - https:\/\/yoast.com\/product\/yoast-seo-wordpress\/ -->\n<title>JadeBay Projektf\u00f6rderung: Fachkr\u00e4ftesicherung f\u00fcr die Region<\/title>\n<meta name=\"description\" content=\"JadeBay Projektf\u00f6rderung k\u00fcmmert sich um Fachkr\u00e4ftesicherung im Rahmen des Regionalen Fachkr\u00e4fteb\u00fcndnisses\" \/>\n<meta name=\"robots\" content=\"index, follow, max-snippet:-1, max-image-preview:large, max-video-preview:-1\" \/>\n<link rel=\"canonical\" href=\"https:\/\/tageblatt24.eu\/?p=1996\" \/>\n<meta property=\"og:locale\" content=\"de_DE\" \/>\n<meta property=\"og:type\" content=\"article\" \/>\n<meta property=\"og:title\" content=\"JadeBay Projektf\u00f6rderung: Fachkr\u00e4ftesicherung f\u00fcr die Region\" \/>\n<meta property=\"og:description\" content=\"JadeBay Projektf\u00f6rderung k\u00fcmmert sich um Fachkr\u00e4ftesicherung im Rahmen des Regionalen Fachkr\u00e4fteb\u00fcndnisses\" \/>\n<meta property=\"og:url\" content=\"https:\/\/tageblatt24.eu\/?p=1996\" \/>\n<meta property=\"og:site_name\" content=\"Tageblatt24.eu | News &amp; Nachrichten f\u00fcr Tierfreunde\" \/>\n<meta property=\"article:published_time\" content=\"2017-01-26T17:58:19+00:00\" \/>\n<meta property=\"og:image\" content=\"https:\/\/tageblatt24.eu\/wp-content\/uploads\/2017\/01\/Tageblatt24-News-Nachrichten-Niedersachsen.jpg\" \/>\n\t<meta property=\"og:image:width\" content=\"300\" \/>\n\t<meta property=\"og:image:height\" content=\"300\" \/>\n\t<meta property=\"og:image:type\" content=\"image\/jpeg\" \/>\n<meta name=\"author\" content=\"Tageblatt24.eu\" \/>\n<meta name=\"twitter:card\" content=\"summary_large_image\" \/>\n<meta name=\"twitter:label1\" content=\"Verfasst von\" \/>\n\t<meta name=\"twitter:data1\" content=\"Tageblatt24.eu\" \/>\n\t<meta name=\"twitter:label2\" content=\"Gesch\u00e4tzte Lesezeit\" \/>\n\t<meta name=\"twitter:data2\" content=\"3\u00a0Minuten\" \/>\n<script type=\"application\/ld+json\" class=\"yoast-schema-graph\">{\"@context\":\"https:\\\/\\\/schema.org\",\"@graph\":[{\"@type\":\"Article\",\"@id\":\"https:\\\/\\\/tageblatt24.eu\\\/?p=1996#article\",\"isPartOf\":{\"@id\":\"https:\\\/\\\/tageblatt24.eu\\\/?p=1996\"},\"author\":{\"name\":\"Tageblatt24.eu\",\"@id\":\"https:\\\/\\\/tageblatt24.eu\\\/#\\\/schema\\\/person\\\/676f81d2e0f46b203faa54bb1d1f455d\"},\"headline\":\"JadeBay Projektf\u00f6rderung k\u00fcmmert sich um Fachkr\u00e4ftesicherung im Rahmen des Regionalen Fachkr\u00e4fteb\u00fcndnisses\",\"datePublished\":\"2017-01-26T17:58:19+00:00\",\"mainEntityOfPage\":{\"@id\":\"https:\\\/\\\/tageblatt24.eu\\\/?p=1996\"},\"wordCount\":566,\"commentCount\":0,\"image\":{\"@id\":\"https:\\\/\\\/tageblatt24.eu\\\/?p=1996#primaryimage\"},\"thumbnailUrl\":\"https:\\\/\\\/tageblatt24.eu\\\/wp-content\\\/uploads\\\/2017\\\/01\\\/Tageblatt24-News-Nachrichten-Niedersachsen.jpg\",\"articleSection\":{\"0\":\"Aktuell\",\"2\":\"Arbeit &amp; Jobsuche\",\"3\":\"Niedersachsen\",\"4\":\"Norddeutschland\",\"5\":\"Politik &amp; Wirtschaft\",\"6\":\"Themen A-K\",\"7\":\"Themen L-Z\",\"8\":\"Wissenschaft &amp; Technik\"},\"inLanguage\":\"de\",\"potentialAction\":[{\"@type\":\"CommentAction\",\"name\":\"Comment\",\"target\":[\"https:\\\/\\\/tageblatt24.eu\\\/?p=1996#respond\"]}]},{\"@type\":\"WebPage\",\"@id\":\"https:\\\/\\\/tageblatt24.eu\\\/?p=1996\",\"url\":\"https:\\\/\\\/tageblatt24.eu\\\/?p=1996\",\"name\":\"JadeBay Projektf\u00f6rderung: Fachkr\u00e4ftesicherung f\u00fcr die Region\",\"isPartOf\":{\"@id\":\"https:\\\/\\\/tageblatt24.eu\\\/#website\"},\"primaryImageOfPage\":{\"@id\":\"https:\\\/\\\/tageblatt24.eu\\\/?p=1996#primaryimage\"},\"image\":{\"@id\":\"https:\\\/\\\/tageblatt24.eu\\\/?p=1996#primaryimage\"},\"thumbnailUrl\":\"https:\\\/\\\/tageblatt24.eu\\\/wp-content\\\/uploads\\\/2017\\\/01\\\/Tageblatt24-News-Nachrichten-Niedersachsen.jpg\",\"datePublished\":\"2017-01-26T17:58:19+00:00\",\"author\":{\"@id\":\"https:\\\/\\\/tageblatt24.eu\\\/#\\\/schema\\\/person\\\/676f81d2e0f46b203faa54bb1d1f455d\"},\"description\":\"JadeBay Projektf\u00f6rderung k\u00fcmmert sich um Fachkr\u00e4ftesicherung im Rahmen des Regionalen Fachkr\u00e4fteb\u00fcndnisses\",\"breadcrumb\":{\"@id\":\"https:\\\/\\\/tageblatt24.eu\\\/?p=1996#breadcrumb\"},\"inLanguage\":\"de\",\"potentialAction\":[{\"@type\":\"ReadAction\",\"target\":[\"https:\\\/\\\/tageblatt24.eu\\\/?p=1996\"]}]},{\"@type\":\"ImageObject\",\"inLanguage\":\"de\",\"@id\":\"https:\\\/\\\/tageblatt24.eu\\\/?p=1996#primaryimage\",\"url\":\"https:\\\/\\\/tageblatt24.eu\\\/wp-content\\\/uploads\\\/2017\\\/01\\\/Tageblatt24-News-Nachrichten-Niedersachsen.jpg\",\"contentUrl\":\"https:\\\/\\\/tageblatt24.eu\\\/wp-content\\\/uploads\\\/2017\\\/01\\\/Tageblatt24-News-Nachrichten-Niedersachsen.jpg\",\"width\":\"300\",\"height\":\"300\",\"caption\":\"Niedersachsen\"},{\"@type\":\"BreadcrumbList\",\"@id\":\"https:\\\/\\\/tageblatt24.eu\\\/?p=1996#breadcrumb\",\"itemListElement\":[{\"@type\":\"ListItem\",\"position\":1,\"name\":\"Start\",\"item\":\"https:\\\/\\\/tageblatt24.eu\\\/\"},{\"@type\":\"ListItem\",\"position\":2,\"name\":\"JadeBay Projektf\u00f6rderung k\u00fcmmert sich um Fachkr\u00e4ftesicherung im Rahmen des Regionalen Fachkr\u00e4fteb\u00fcndnisses\"}]},{\"@type\":\"WebSite\",\"@id\":\"https:\\\/\\\/tageblatt24.eu\\\/#website\",\"url\":\"https:\\\/\\\/tageblatt24.eu\\\/\",\"name\":\"Tageblatt24.eu | News &amp; Nachrichten f\u00fcr Tierfreunde\",\"description\":\"Das Nachrichtenmagazin f\u00fcr Tierfreunde aus Hamburg \u2013 Bremen \u2013 Niedersachsen \u2013 Schleswig-Holstein und der Welt\",\"potentialAction\":[{\"@type\":\"SearchAction\",\"target\":{\"@type\":\"EntryPoint\",\"urlTemplate\":\"https:\\\/\\\/tageblatt24.eu\\\/?s={search_term_string}\"},\"query-input\":{\"@type\":\"PropertyValueSpecification\",\"valueRequired\":true,\"valueName\":\"search_term_string\"}}],\"inLanguage\":\"de\"},{\"@type\":\"Person\",\"@id\":\"https:\\\/\\\/tageblatt24.eu\\\/#\\\/schema\\\/person\\\/676f81d2e0f46b203faa54bb1d1f455d\",\"name\":\"Tageblatt24.eu\",\"url\":\"https:\\\/\\\/tageblatt24.eu\\\/?author=1\"}]}<\/script>\n<!-- \/ Yoast SEO plugin. -->","yoast_head_json":{"title":"JadeBay Projektf\u00f6rderung: Fachkr\u00e4ftesicherung f\u00fcr die Region","description":"JadeBay Projektf\u00f6rderung k\u00fcmmert sich um Fachkr\u00e4ftesicherung im Rahmen des Regionalen Fachkr\u00e4fteb\u00fcndnisses","robots":{"index":"index","follow":"follow","max-snippet":"max-snippet:-1","max-image-preview":"max-image-preview:large","max-video-preview":"max-video-preview:-1"},"canonical":"https:\/\/tageblatt24.eu\/?p=1996","og_locale":"de_DE","og_type":"article","og_title":"JadeBay Projektf\u00f6rderung: Fachkr\u00e4ftesicherung f\u00fcr die Region","og_description":"JadeBay Projektf\u00f6rderung k\u00fcmmert sich um Fachkr\u00e4ftesicherung im Rahmen des Regionalen Fachkr\u00e4fteb\u00fcndnisses","og_url":"https:\/\/tageblatt24.eu\/?p=1996","og_site_name":"Tageblatt24.eu | News &amp; Nachrichten f\u00fcr Tierfreunde","article_published_time":"2017-01-26T17:58:19+00:00","og_image":[{"width":300,"height":300,"url":"https:\/\/tageblatt24.eu\/wp-content\/uploads\/2017\/01\/Tageblatt24-News-Nachrichten-Niedersachsen.jpg","type":"image\/jpeg"}],"author":"Tageblatt24.eu","twitter_card":"summary_large_image","twitter_misc":{"Verfasst von":"Tageblatt24.eu","Gesch\u00e4tzte Lesezeit":"3\u00a0Minuten"},"schema":{"@context":"https:\/\/schema.org","@graph":[{"@type":"Article","@id":"https:\/\/tageblatt24.eu\/?p=1996#article","isPartOf":{"@id":"https:\/\/tageblatt24.eu\/?p=1996"},"author":{"name":"Tageblatt24.eu","@id":"https:\/\/tageblatt24.eu\/#\/schema\/person\/676f81d2e0f46b203faa54bb1d1f455d"},"headline":"JadeBay Projektf\u00f6rderung k\u00fcmmert sich um Fachkr\u00e4ftesicherung im Rahmen des Regionalen Fachkr\u00e4fteb\u00fcndnisses","datePublished":"2017-01-26T17:58:19+00:00","mainEntityOfPage":{"@id":"https:\/\/tageblatt24.eu\/?p=1996"},"wordCount":566,"commentCount":0,"image":{"@id":"https:\/\/tageblatt24.eu\/?p=1996#primaryimage"},"thumbnailUrl":"https:\/\/tageblatt24.eu\/wp-content\/uploads\/2017\/01\/Tageblatt24-News-Nachrichten-Niedersachsen.jpg","articleSection":{"0":"Aktuell","2":"Arbeit &amp; Jobsuche","3":"Niedersachsen","4":"Norddeutschland","5":"Politik &amp; Wirtschaft","6":"Themen A-K","7":"Themen L-Z","8":"Wissenschaft &amp; Technik"},"inLanguage":"de","potentialAction":[{"@type":"CommentAction","name":"Comment","target":["https:\/\/tageblatt24.eu\/?p=1996#respond"]}]},{"@type":"WebPage","@id":"https:\/\/tageblatt24.eu\/?p=1996","url":"https:\/\/tageblatt24.eu\/?p=1996","name":"JadeBay Projektf\u00f6rderung: Fachkr\u00e4ftesicherung f\u00fcr die Region","isPartOf":{"@id":"https:\/\/tageblatt24.eu\/#website"},"primaryImageOfPage":{"@id":"https:\/\/tageblatt24.eu\/?p=1996#primaryimage"},"image":{"@id":"https:\/\/tageblatt24.eu\/?p=1996#primaryimage"},"thumbnailUrl":"https:\/\/tageblatt24.eu\/wp-content\/uploads\/2017\/01\/Tageblatt24-News-Nachrichten-Niedersachsen.jpg","datePublished":"2017-01-26T17:58:19+00:00","author":{"@id":"https:\/\/tageblatt24.eu\/#\/schema\/person\/676f81d2e0f46b203faa54bb1d1f455d"},"description":"JadeBay Projektf\u00f6rderung k\u00fcmmert sich um Fachkr\u00e4ftesicherung im Rahmen des Regionalen Fachkr\u00e4fteb\u00fcndnisses","breadcrumb":{"@id":"https:\/\/tageblatt24.eu\/?p=1996#breadcrumb"},"inLanguage":"de","potentialAction":[{"@type":"ReadAction","target":["https:\/\/tageblatt24.eu\/?p=1996"]}]},{"@type":"ImageObject","inLanguage":"de","@id":"https:\/\/tageblatt24.eu\/?p=1996#primaryimage","url":"https:\/\/tageblatt24.eu\/wp-content\/uploads\/2017\/01\/Tageblatt24-News-Nachrichten-Niedersachsen.jpg","contentUrl":"https:\/\/tageblatt24.eu\/wp-content\/uploads\/2017\/01\/Tageblatt24-News-Nachrichten-Niedersachsen.jpg","width":"300","height":"300","caption":"Niedersachsen"},{"@type":"BreadcrumbList","@id":"https:\/\/tageblatt24.eu\/?p=1996#breadcrumb","itemListElement":[{"@type":"ListItem","position":1,"name":"Start","item":"https:\/\/tageblatt24.eu\/"},{"@type":"ListItem","position":2,"name":"JadeBay Projektf\u00f6rderung k\u00fcmmert sich um Fachkr\u00e4ftesicherung im Rahmen des Regionalen Fachkr\u00e4fteb\u00fcndnisses"}]},{"@type":"WebSite","@id":"https:\/\/tageblatt24.eu\/#website","url":"https:\/\/tageblatt24.eu\/","name":"Tageblatt24.eu | News &amp; Nachrichten f\u00fcr Tierfreunde","description":"Das Nachrichtenmagazin f\u00fcr Tierfreunde aus Hamburg \u2013 Bremen \u2013 Niedersachsen \u2013 Schleswig-Holstein und der Welt","potentialAction":[{"@type":"SearchAction","target":{"@type":"EntryPoint","urlTemplate":"https:\/\/tageblatt24.eu\/?s={search_term_string}"},"query-input":{"@type":"PropertyValueSpecification","valueRequired":true,"valueName":"search_term_string"}}],"inLanguage":"de"},{"@type":"Person","@id":"https:\/\/tageblatt24.eu\/#\/schema\/person\/676f81d2e0f46b203faa54bb1d1f455d","name":"Tageblatt24.eu","url":"https:\/\/tageblatt24.eu\/?author=1"}]}},"_links":{"self":[{"href":"https:\/\/tageblatt24.eu\/index.php?rest_route=\/wp\/v2\/posts\/1996","targetHints":{"allow":["GET"]}}],"collection":[{"href":"https:\/\/tageblatt24.eu\/index.php?rest_route=\/wp\/v2\/posts"}],"about":[{"href":"https:\/\/tageblatt24.eu\/index.php?rest_route=\/wp\/v2\/types\/post"}],"author":[{"embeddable":true,"href":"https:\/\/tageblatt24.eu\/index.php?rest_route=\/wp\/v2\/users\/1"}],"replies":[{"embeddable":true,"href":"https:\/\/tageblatt24.eu\/index.php?rest_route=%2Fwp%2Fv2%2Fcomments&post=1996"}],"version-history":[{"count":0,"href":"https:\/\/tageblatt24.eu\/index.php?rest_route=\/wp\/v2\/posts\/1996\/revisions"}],"wp:featuredmedia":[{"embeddable":true,"href":"https:\/\/tageblatt24.eu\/index.php?rest_route=\/wp\/v2\/media\/1870"}],"wp:attachment":[{"href":"https:\/\/tageblatt24.eu\/index.php?rest_route=%2Fwp%2Fv2%2Fmedia&parent=1996"}],"wp:term":[{"taxonomy":"category","embeddable":true,"href":"https:\/\/tageblatt24.eu\/index.php?rest_route=%2Fwp%2Fv2%2Fcategories&post=1996"},{"taxonomy":"post_tag","embeddable":true,"href":"https:\/\/tageblatt24.eu\/index.php?rest_route=%2Fwp%2Fv2%2Ftags&post=1996"}],"curies":[{"name":"wp","href":"https:\/\/api.w.org\/{rel}","templated":true}]}}