{"id":2023,"date":"2017-01-27T17:47:34","date_gmt":"2017-01-27T16:47:34","guid":{"rendered":"https:\/\/tageblatt24.eu\/?p=2023"},"modified":"2017-01-27T17:47:34","modified_gmt":"2017-01-27T16:47:34","slug":"wirtschaftskrieg-durch-trump-unions-wirtschaftssprecher-joachim-pfeiffer-cdu-warnt-vor-den-folgen","status":"publish","type":"post","link":"https:\/\/tageblatt24.eu\/?p=2023","title":{"rendered":"Wirtschaftskrieg durch Trump? Unions-Wirtschaftssprecher Joachim Pfeiffer (CDU) warnt vor den Folgen"},"content":{"rendered":"<p><img decoding=\"async\" class=\"alignright size-full wp-image-1877\" src=\"https:\/\/tageblatt24.eu\/wp-content\/uploads\/2017\/01\/Tageblatt24-News-Nachrichten-Bundestag.jpg\" alt=\"Wirtschaftskrieg durch Trump\" width=\"300\" height=\"300\" srcset=\"https:\/\/tageblatt24.eu\/wp-content\/uploads\/2017\/01\/Tageblatt24-News-Nachrichten-Bundestag.jpg 300w, https:\/\/tageblatt24.eu\/wp-content\/uploads\/2017\/01\/Tageblatt24-News-Nachrichten-Bundestag-210x210.jpg 210w, https:\/\/tageblatt24.eu\/wp-content\/uploads\/2017\/01\/Tageblatt24-News-Nachrichten-Bundestag-252x252.jpg 252w, https:\/\/tageblatt24.eu\/wp-content\/uploads\/2017\/01\/Tageblatt24-News-Nachrichten-Bundestag-150x150.jpg 150w, https:\/\/tageblatt24.eu\/wp-content\/uploads\/2017\/01\/Tageblatt24-News-Nachrichten-Bundestag-157x157.jpg 157w\" sizes=\"(max-width: 300px) 100vw, 300px\" \/><\/p>\n<h2>Wirtschaftskrieg durch Trump: Unions-Wirtschaftssprecher Pfeiffer\u00a0spricht Warnung aus<\/h2>\n<p>Der wirtschafts- und energiepolitische Sprecher der Unions-Bundestagsfraktion, Joachim Pfeiffer (CDU), hat mit Blick auf die Politik des neuen US-Pr\u00e4sidenten Donald Trump vor einem Handelskrieg gewarnt. Im Gespr\u00e4ch mit der Berliner Wochenzeitung \u201eDas Parlament\u201c (Ausgabe 30. Januar) sagte er: \u201eEinen Handelskrieg gilt es unter allen Umst\u00e4nden zu vermeiden, weil es hier nur Verlierer gibt. Ronald Reagan sagte einmal treffend als US-Pr\u00e4sident, Welt- und Freihandel bringen Wohlstand f\u00fcr alle, aber Protektionismus bedeutet Zerst\u00f6rung.\u201c<\/p>\n<div class=\"ox-80bfe58c38-text1\">\n<p>In den USA werde jetzt von Trump \u201eein v\u00f6llig falscher Politikansatz verfolgt. Er betrachtet die \u00d6konomie betriebswirtschaftlich und meint, es gibt einen fixen Markt, wo der eine gewinnt, wenn der andere verliert.\u201c Es sei aber l\u00e4ngst erwiesen, dass freier Welthandel \u201eaus volkswirtschaftlicher Sicht mehr Wohlstand f\u00fcr alle bringt, durch Wertsch\u00f6pfungsketten und internationale Arbeitsteilung.\u201c<\/p>\n<p>Pfeiffer mahnte, trotz der aktuell guten Wirtschaftslage bei Reformanstrengungen in Deutschland nicht nachzulassen. Der Hauptaugenmerk sollte der weiteren Haushaltskonsolidierung, der Steigerung der Wettbewerbsf\u00e4higkeit des Wirtschaftsstandortes und dem Kampf f\u00fcr einen freien Welthandel gelten.\u00a0<wbr \/><\/p>\n<p><span style=\"text-decoration: underline;\">Das Interview im Wortlaut:\u00a0<\/span><\/p>\n<p><span style=\"background-color: #ccffcc;\">Herr Pfeiffer, im neuen Jahreswirtschaftsbericht hei\u00dft es, das solide und stetige Wirtschaftswachstum in Deutschland werde sich auch 2017 fortsetzen. Sind Sie auch so optimistisch? <\/span><br \/>\nEs gibt Gr\u00fcnde, weiter optimistisch zu sein, trotz schwierigeren wirtschaftlichen Umfelds. Die deutsche Wirtschaft ist nach wie vor wettbewerbsf\u00e4hig, robust und auf dem Wachstumspfad. Durch hohe Besch\u00e4ftigtenzahlen haben wir hohe Steuer- und Sozialversicherungseinnahmen sowie einen Reallohnzuwachs wie lange nicht mehr. Deshalb ist auch die Binnenkonjunktur zu einer der tragenden S\u00e4ulen geworden. Die sich gegenseitig positiv beeinflussenden Entwicklungen von guter Wettbewerbsf\u00e4higkeit, hohen Besch\u00e4ftigtenzahlen, steigenden Steuer- und Sozialversicherungseinnahmen, hohe Reallohnzuw\u00e4chse sowie guter Binnenkonjunktur haben eine echte Aufw\u00e4rtsspirale in Deutschland geschaffen. Dies gibt Anlass f\u00fcr die Erwartung, dass die Gl\u00fccksspirale auch 2017 anh\u00e4lt. Zudem ist Deutschland 2016 erneut Exportweltmeister geworden, obwohl sich da vieles eingetr\u00fcbt hat. In ehemaligen Wachstumswunderl\u00e4ndern wie Brasilien, T\u00fcrkei oder Russland war die Lage nicht mehr so gut. Aber es gab auch L\u00e4nder wie in Mittel- und Osteuropa, wo es 2016 sehr gut lief. Auch China hatte noch ein leichtes Plus und es gibt viele neue M\u00e4rkte auf der Welt, wo Deutschland gut unterwegs ist.<\/p>\n<p><span style=\"background-color: #ccffcc;\">Viele \u00d6konomen f\u00fcrchten, dass die Wirtschaftspolitik Trumps mit \u201eAmerica First\u201c zur Gefahr f\u00fcr unsere Wirtschaft werden k\u00f6nnte. Wie sehen Sie das?<\/span><br \/>\nDas macht mir sehr gro\u00dfe Sorgen. Schon nach der gro\u00dfen Krise 2009\/2010 brachten den jahrzehntelangen Trend zum Stillstand, dass der Welthandel st\u00e4rker als das Wirtschaftswachstum steigt. In den USA wird jetzt vom neuen Pr\u00e4sidenten Trump ein v\u00f6llig falscher Politikansatz verfolgt. Er betrachtet die \u00d6konomie betriebswirtschaftlich und meint, es gibt einen fixen Markt, wo der eine gewinnt, wenn der andere verliert. Aber schon vor 200 Jahren hat der britische \u00d6konom Ricardo nachgewiesen, dass freier Welthandel aus volkswirtschaftlicher Sicht mehr Wohlstand f\u00fcr alle bringt, durch Wertsch\u00f6pfungsketten und internationale Arbeitsteilung. Freier Handel ist eben kein Nullsummenspiel. Die positive Spirale, die sich aus der Liberalisierung des Welthandels in den vergangenen Jahrzehnten entwickelt hat, droht nun unterbrochen zu werden. Deutschland als Exportweltmeister ist in besonderem Ma\u00dfe darauf angewiesen, dass dies nicht passiert. Das Ganze ist eine Win-win-Situation, so entstehen auch in den USA Arbeitspl\u00e4tze. Wir d\u00fcrfen daher nicht wie das Kaninchen auf die Schlange starren, sondern m\u00fcssen weltweit eine Koalition der Willigen f\u00fcr Freihandel schmieden. Da gibt es viele positive Entwicklungen wie zuletzt mit Japan, Neuseeland, Australien oder den ASEAN-Staaten. Auch die Chinesen sind hier mit von der Partie.<\/p>\n<p><span style=\"background-color: #ccffcc;\">Aber in China schw\u00e4cht sich das Wachstum ab und es droht ein Handelskrieg mit den USA.<\/span><br \/>\nEinen Handelskrieg gilt es unter allen Umst\u00e4nden zu vermeiden, weil es hier nur Verlierer gibt. Ronald Reagan sagte einmal treffend als US-Pr\u00e4sident, Welt- und Freihandel bringen Wohlstand f\u00fcr alle, aber Protektionismus bedeutet Zerst\u00f6rung.<\/p>\n<p><span style=\"background-color: #ccffcc;\">Ein weiterer Unsicherheitsfaktor ist der Brexit. Bisher gab es noch keine Auswirkungen f\u00fcr die europ\u00e4ische Wirtschaft, aber k\u00f6nnen die nicht noch kommen?<\/span><br \/>\nDie Briten haben sich f\u00fcr den Austritt entschieden. Das Ganze ist eine traurige Sache, denn da gibt es nur Verlierer. Jetzt gilt es, das vern\u00fcnftigste aus der Situation zu machen und in den Verhandlungen mit London im Sinne des Freihandels mit der EU m\u00f6glichst gute L\u00f6sungen finden. Gleichzeitig ist den Briten in aller Deutlichkeit klar zu machen, dass es mit uns kein Cherry Picking geben wird und dass es oberstes Ziel bleibt, die Einheit und die Integrit\u00e4t des europ\u00e4ischen Binnenmarktes zu erhalten.<\/p>\n<p><span style=\"background-color: #ccffcc;\">Minister Gabriel akzentuiert im Jahreswirtschaftsbericht das Thema Gerechtigkeit. Er spricht von \u201einklusivem Wachstum\u201c: Alle sollen vom Aufschwung profitieren, damit Ungerechtigkeit in der Gesellschaft abgebaut wird. Aus der Union gab es Kritik, das sei zu sozialdemokratisch. Was halten Sie von solchen Akzentsetzungen?<\/span><br \/>\nF\u00fcr mich klingt dies sehr nach altem Wein in neuen Schl\u00e4uchen. Die alte, fruchtlose Umverteilungsdiskussion wird hinter neuen Vokabeln wie \u201einklusiv\u201c versteckt. Ludwig Erhard hat dazu mit seinem Grundsatz \u201eWohlstand f\u00fcr alle\u201c schon vor Jahrzehnten alles Notwendige gesagt: Zun\u00e4chst muss erwirtschaftet werden, bevor verteilt werden kann. Je mehr erwirtschaftet wird, desto mehr Wohlstand kommt auch in der breiten Bev\u00f6lkerung an. Das hat in der Bundesrepublik funktioniert. Der Wettbewerb hebt Effizienzpotenziale und das Eigentum garantiert die Verantwortlichkeit des Einzelnen. Und daher bedeutet Gerechtigkeit nicht, dass jeder das Gleiche haben muss. Vielmehr bedeutet Gerechtigkeit Chancengerechtigkeit, das hei\u00dft die M\u00f6glichkeit f\u00fcr jeden Einzelnen, sich nach seinen F\u00e4higkeiten und seinem K\u00f6nnen zu entwickeln. Daf\u00fcr m\u00fcssen die Rahmenbedingungen geschaffen werden, durch gute Bildungs- und Ausbildungspolitik, F\u00f6rderung von Innovationen und Technologieoffenheit.<\/p>\n<p><span style=\"background-color: #ccffcc;\">Dahinter steckt die Sorge, dass sich die vielen wirtschaftlich und sozial \u201eAbgeh\u00e4ngten\u201c hierzulande am Establishment r\u00e4chen k\u00f6nnten wie in den USA.<\/span><br \/>\nObjektiv geht es Deutschland heute so gut wie noch nie zuvor in seiner Geschichte. Subjektiv ist es nat\u00fcrlich immer so, dass der Einzelne Sorgen im pers\u00f6nlichen Bereich oder auch mit Blick auf die gesellschaftliche Entwicklung hat. Und nat\u00fcrlich versuchen auch hierzulande Populisten von links und rechts, diese Sorgen zu instrumentalisieren, Fakten durch Emotionen zu ersetzen. Das betrifft die absurden Kampagnen gegen CETA und TTIP, genauso wie das Thema Fl\u00fcchtlinge. Insbesondere beim Thema innere Sicherheit gilt es, aus Fehlern der Vergangenheit zu lernen und sich auf die ver\u00e4nderten Bedingungen durch massenhafte Migrationsbewegungen und Terrorismusgefahr schneller einzustellen. Erste Ma\u00dfnahmen wurden bereits umgesetzt. Weitere Vorschl\u00e4ge wurden leider bisher durch rot-gr\u00fcn im Bundesrat blockiert. Wenn die berechtigten Sorgen der B\u00fcrger beim Thema Innere Sicherheit ernst genommen werden, kann es auch gelingen, populistischen Str\u00f6mungen den Boden zu entziehen.<\/p>\n<p><span style=\"background-color: #ccffcc;\">Was w\u00fcnschen Sie sich f\u00fcr ein dauerhaftes und befriedigendes Wirtschaftswachstum in Deutschland?<\/span><br \/>\nTrotz der aktuell guten Wirtschaftslage d\u00fcrfen die Reformanstrengungen nicht nachlassen. Wer sich auf dem Erreichten ausruht, hat schon verloren, gerade angesichts des schwieriger werdenden internationalen Umfelds. Der Hauptaugenmerk sollte der weiteren Haushaltskonsolidierung, der Steigerung der Wettbewerbsf\u00e4higkeit des Wirtschaftsstandortes und dem Kampf f\u00fcr einen freien Welthandel gelten. Beim Thema Wettbewerbsf\u00e4higkeit sehe ich Handlungsbedarf: Die Flexibilisierung des Arbeitsmarktes durch Zeitarbeit und im Niedriglohnsektor, notwendigen Investitionen in Forschung und Entwicklung in Bereichen wie der Raumfahrt, Nanotechnologie oder neue Mobilit\u00e4t, das Vorantreiben der Digitalisierung sowie beim geplanten Umbau der Energieversorgung die in den letzten Jahren ausufernden Subventionen und Staatseingriffe in den Energiemarkt z\u00fcgig zur\u00fcckzufahren.<\/p>\n<p>Zu viel B\u00fcrokratie durch \u00fcberfl\u00fcssige Berichtspflichten und Vorschriften ist gerade f\u00fcr kleine und mittlere Unternehmen ein Problem ersten Ranges. Ein einfaches Beispiel: Ein Smartphone muss \u00fcber f\u00fcnf Jahre abgeschrieben werden &#8211; viel l\u00e4nger als es meistens \u00fcberhaupt im Einsatz sein wird. Das geht an der Lebenswirklichkeit vorbei. Umso mehr gilt es nun, mit dem laufenden 2. B\u00fcrokratieentlastungsgesetz noch in dieser Legislaturperiode ein echtes Signal an den Mittelstand zu geben. Insgesamt bin ich davon \u00fcberzeugt, dass eine starke Wirtschaft, offene M\u00e4rkte und ein freier Welthandel der Schl\u00fcssel ist f\u00fcr Frieden und Wohlstand hier und in der Welt.<\/p>\n<\/div>\n<p>***<br \/>\nHerausgeber: Deutscher Bundestag<br \/>\nDas komplette Interview erscheint in der kommenden Ausgabe der Wochenzeitung \u201eDas Parlament\u201c (Erscheinungstag: 30. Januar 2017)<\/p>\n<div class=\"shariff shariff-align-left shariff-widget-align-left shariff-buttonstretch\" style=\"display:none\" data-services=\"facebook%7Cpinterest\" data-url=\"https:\/\/tageblatt24.eu\/?p=2023\" data-timestamp=\"1485539254\" data-hidezero=\"1\" data-backendurl=\"?rest_route=\/shariff\/v1\/share_counts&\"><ul class=\"shariff-buttons theme-default orientation-horizontal buttonsize-medium\"><li class=\"shariff-button facebook shariff-nocustomcolor\" style=\"background-color:#4273c8\"><a href=\"https:\/\/www.facebook.com\/sharer\/sharer.php?u=https%3A%2F%2Ftageblatt24.eu%2F%3Fp%3D2023\" title=\"Bei Facebook teilen\" aria-label=\"Bei Facebook teilen\" role=\"button\" rel=\"nofollow\" class=\"shariff-link\" style=\"; background-color:#3b5998; color:#fff\" target=\"_blank\"><span class=\"shariff-icon\" style=\"\"><svg width=\"32px\" height=\"20px\" xmlns=\"http:\/\/www.w3.org\/2000\/svg\" viewBox=\"0 0 18 32\"><path fill=\"#3b5998\" d=\"M17.1 0.2v4.7h-2.8q-1.5 0-2.1 0.6t-0.5 1.9v3.4h5.2l-0.7 5.3h-4.5v13.6h-5.5v-13.6h-4.5v-5.3h4.5v-3.9q0-3.3 1.9-5.2t5-1.8q2.6 0 4.1 0.2z\"\/><\/svg><\/span><span class=\"shariff-text\">teilen<\/span>&nbsp;<span data-service=\"facebook\" style=\"color:#3b5998\" class=\"shariff-count shariff-hidezero\"><\/span>&nbsp;<\/a><\/li><li class=\"shariff-button twitter shariff-nocustomcolor\" style=\"background-color:#595959\"><a href=\"https:\/\/twitter.com\/share?url=https%3A%2F%2Ftageblatt24.eu%2F%3Fp%3D2023&text=Wirtschaftskrieg%20durch%20Trump%3F%20Unions-Wirtschaftssprecher%20Joachim%20Pfeiffer%20%28CDU%29%20warnt%20vor%20den%20Folgen&via=hkorsten\" title=\"Bei X teilen\" aria-label=\"Bei X teilen\" role=\"button\" rel=\"noopener nofollow\" class=\"shariff-link\" style=\"; background-color:#000; color:#fff\" target=\"_blank\"><span class=\"shariff-icon\" style=\"\"><svg width=\"32px\" height=\"20px\" xmlns=\"http:\/\/www.w3.org\/2000\/svg\" viewBox=\"0 0 24 24\"><path fill=\"#000\" d=\"M14.258 10.152L23.176 0h-2.113l-7.747 8.813L7.133 0H0l9.352 13.328L0 23.973h2.113l8.176-9.309 6.531 9.309h7.133zm-2.895 3.293l-.949-1.328L2.875 1.56h3.246l6.086 8.523.945 1.328 7.91 11.078h-3.246zm0 0\"\/><\/svg><\/span><span class=\"shariff-text\">teilen<\/span>&nbsp;<\/a><\/li><li class=\"shariff-button xing shariff-nocustomcolor\" style=\"background-color:#29888a\"><a href=\"https:\/\/www.xing.com\/spi\/shares\/new?url=https%3A%2F%2Ftageblatt24.eu%2F%3Fp%3D2023\" title=\"Bei XING teilen\" aria-label=\"Bei XING teilen\" role=\"button\" rel=\"noopener nofollow\" class=\"shariff-link\" style=\"; background-color:#126567; color:#fff\" target=\"_blank\"><span class=\"shariff-icon\" style=\"\"><svg width=\"32px\" height=\"20px\" xmlns=\"http:\/\/www.w3.org\/2000\/svg\" viewBox=\"0 0 25 32\"><path fill=\"#126567\" d=\"M10.7 11.9q-0.2 0.3-4.6 8.2-0.5 0.8-1.2 0.8h-4.3q-0.4 0-0.5-0.3t0-0.6l4.5-8q0 0 0 0l-2.9-5q-0.2-0.4 0-0.7 0.2-0.3 0.5-0.3h4.3q0.7 0 1.2 0.8zM25.1 0.4q0.2 0.3 0 0.7l-9.4 16.7 6 11q0.2 0.4 0 0.6-0.2 0.3-0.6 0.3h-4.3q-0.7 0-1.2-0.8l-6-11.1q0.3-0.6 9.5-16.8 0.4-0.8 1.2-0.8h4.3q0.4 0 0.5 0.3z\"\/><\/svg><\/span><span class=\"shariff-text\">teilen<\/span>&nbsp;<\/a><\/li><li class=\"shariff-button linkedin shariff-nocustomcolor\" style=\"background-color:#1488bf\"><a href=\"https:\/\/www.linkedin.com\/sharing\/share-offsite\/?url=https%3A%2F%2Ftageblatt24.eu%2F%3Fp%3D2023\" title=\"Bei LinkedIn teilen\" aria-label=\"Bei LinkedIn teilen\" role=\"button\" rel=\"noopener nofollow\" class=\"shariff-link\" style=\"; background-color:#0077b5; color:#fff\" target=\"_blank\"><span class=\"shariff-icon\" style=\"\"><svg width=\"32px\" height=\"20px\" xmlns=\"http:\/\/www.w3.org\/2000\/svg\" viewBox=\"0 0 27 32\"><path fill=\"#0077b5\" d=\"M6.2 11.2v17.7h-5.9v-17.7h5.9zM6.6 5.7q0 1.3-0.9 2.2t-2.4 0.9h0q-1.5 0-2.4-0.9t-0.9-2.2 0.9-2.2 2.4-0.9 2.4 0.9 0.9 2.2zM27.4 18.7v10.1h-5.9v-9.5q0-1.9-0.7-2.9t-2.3-1.1q-1.1 0-1.9 0.6t-1.2 1.5q-0.2 0.5-0.2 1.4v9.9h-5.9q0-7.1 0-11.6t0-5.3l0-0.9h5.9v2.6h0q0.4-0.6 0.7-1t1-0.9 1.6-0.8 2-0.3q3 0 4.9 2t1.9 6z\"\/><\/svg><\/span><span class=\"shariff-text\">teilen<\/span>&nbsp;<\/a><\/li><li class=\"shariff-button pinterest shariff-nocustomcolor\" style=\"background-color:#e70f18\"><a href=\"https:\/\/www.pinterest.com\/pin\/create\/link\/?url=https%3A%2F%2Ftageblatt24.eu%2F%3Fp%3D2023&media=https%3A%2F%2Ftageblatt24.eu%2Fwp-content%2Fuploads%2F2017%2F01%2FTageblatt24-News-Nachrichten-Bundestag.jpg&description=Wirtschaftskrieg%20durch%20Trump%3F%20Unions-Wirtschaftssprecher%20Joachim%20Pfeiffer%20%28CDU%29%20warnt%20vor%20den%20Folgen\" title=\"Bei Pinterest pinnen\" aria-label=\"Bei Pinterest pinnen\" role=\"button\" rel=\"noopener nofollow\" class=\"shariff-link\" style=\"; background-color:#cb2027; color:#fff\" target=\"_blank\"><span class=\"shariff-icon\" style=\"\"><svg width=\"32px\" height=\"20px\" xmlns=\"http:\/\/www.w3.org\/2000\/svg\" viewBox=\"0 0 27 32\"><path fill=\"#cb2027\" d=\"M27.4 16q0 3.7-1.8 6.9t-5 5-6.9 1.9q-2 0-3.9-0.6 1.1-1.7 1.4-2.9 0.2-0.6 1-3.8 0.4 0.7 1.3 1.2t2 0.5q2.1 0 3.8-1.2t2.7-3.4 0.9-4.8q0-2-1.1-3.8t-3.1-2.9-4.5-1.2q-1.9 0-3.5 0.5t-2.8 1.4-2 2-1.2 2.3-0.4 2.4q0 1.9 0.7 3.3t2.1 2q0.5 0.2 0.7-0.4 0-0.1 0.1-0.5t0.2-0.5q0.1-0.4-0.2-0.8-0.9-1.1-0.9-2.7 0-2.7 1.9-4.6t4.9-2q2.7 0 4.2 1.5t1.5 3.8q0 3-1.2 5.2t-3.1 2.1q-1.1 0-1.7-0.8t-0.4-1.9q0.1-0.6 0.5-1.7t0.5-1.8 0.2-1.4q0-0.9-0.5-1.5t-1.4-0.6q-1.1 0-1.9 1t-0.8 2.6q0 1.3 0.4 2.2l-1.8 7.5q-0.3 1.2-0.2 3.2-3.7-1.6-6-5t-2.3-7.6q0-3.7 1.9-6.9t5-5 6.9-1.9 6.9 1.9 5 5 1.8 6.9z\"\/><\/svg><\/span><span class=\"shariff-text\">merken<\/span>&nbsp;<span data-service=\"pinterest\" style=\"color:#cb2027\" class=\"shariff-count shariff-hidezero\"><\/span>&nbsp;<\/a><\/li><\/ul><\/div>","protected":false},"excerpt":{"rendered":"<p>Wirtschaftskrieg durch Trump: Unions-Wirtschaftssprecher Pfeiffer\u00a0spricht Warnung aus Der wirtschafts- und energiepolitische Sprecher der Unions-Bundestagsfraktion, Joachim Pfeiffer (CDU), hat mit Blick auf die Politik des neuen US-Pr\u00e4sidenten Donald Trump vor einem Handelskrieg gewarnt. Im Gespr\u00e4ch mit der Berliner Wochenzeitung \u201eDas Parlament\u201c (Ausgabe 30. Januar) sagte er: \u201eEinen Handelskrieg gilt es unter allen Umst\u00e4nden zu vermeiden, weil [&hellip;]<\/p>\n","protected":false},"author":1,"featured_media":1877,"comment_status":"open","ping_status":"closed","sticky":false,"template":"","format":"standard","meta":{"site-sidebar-layout":"default","site-content-layout":"","ast-site-content-layout":"default","site-content-style":"default","site-sidebar-style":"default","ast-global-header-display":"","ast-banner-title-visibility":"","ast-main-header-display":"","ast-hfb-above-header-display":"","ast-hfb-below-header-display":"","ast-hfb-mobile-header-display":"","site-post-title":"","ast-breadcrumbs-content":"","ast-featured-img":"","footer-sml-layout":"","ast-disable-related-posts":"","theme-transparent-header-meta":"","adv-header-id-meta":"","stick-header-meta":"","header-above-stick-meta":"","header-main-stick-meta":"","header-below-stick-meta":"","astra-migrate-meta-layouts":"default","ast-page-background-enabled":"default","ast-page-background-meta":{"desktop":{"background-color":"","background-image":"","background-repeat":"repeat","background-position":"center center","background-size":"auto","background-attachment":"scroll","background-type":"","background-media":"","overlay-type":"","overlay-color":"","overlay-opacity":"","overlay-gradient":""},"tablet":{"background-color":"","background-image":"","background-repeat":"repeat","background-position":"center center","background-size":"auto","background-attachment":"scroll","background-type":"","background-media":"","overlay-type":"","overlay-color":"","overlay-opacity":"","overlay-gradient":""},"mobile":{"background-color":"","background-image":"","background-repeat":"repeat","background-position":"center center","background-size":"auto","background-attachment":"scroll","background-type":"","background-media":"","overlay-type":"","overlay-color":"","overlay-opacity":"","overlay-gradient":""}},"ast-content-background-meta":{"desktop":{"background-color":"var(--ast-global-color-5)","background-image":"","background-repeat":"repeat","background-position":"center center","background-size":"auto","background-attachment":"scroll","background-type":"","background-media":"","overlay-type":"","overlay-color":"","overlay-opacity":"","overlay-gradient":""},"tablet":{"background-color":"var(--ast-global-color-5)","background-image":"","background-repeat":"repeat","background-position":"center center","background-size":"auto","background-attachment":"scroll","background-type":"","background-media":"","overlay-type":"","overlay-color":"","overlay-opacity":"","overlay-gradient":""},"mobile":{"background-color":"var(--ast-global-color-5)","background-image":"","background-repeat":"repeat","background-position":"center center","background-size":"auto","background-attachment":"scroll","background-type":"","background-media":"","overlay-type":"","overlay-color":"","overlay-opacity":"","overlay-gradient":""}},"footnotes":""},"categories":[7,42,72,20,67,8,64,1,41,68],"tags":[],"class_list":["post-2023","post","type-post","status-publish","format-standard","has-post-thumbnail","hentry","category-aktuell","category-allgemein","category-bundestag-und-bundesrat","category-business","category-deutschland","category-news","category-politik-wirtschaft","category-themen-a-k","category-themen-l-z","category-welt"],"yoast_head":"<!-- This site is optimized with the Yoast SEO plugin v28.3 - https:\/\/yoast.com\/product\/yoast-seo-wordpress\/ -->\n<title>Wirtschaftskrieg durch Trump? Joachim Pfeiffer (CDU) warnt<\/title>\n<meta name=\"description\" content=\"Wirtschaftskrieg durch Trump? Unions-Wirtschaftssprecher Joachim Pfeiffer (CDU) warnt vor den Folgen. Interview aus der Wochenzeitung \u201eDas Parlament\u201c\" \/>\n<meta name=\"robots\" content=\"index, follow, max-snippet:-1, max-image-preview:large, max-video-preview:-1\" \/>\n<link rel=\"canonical\" href=\"https:\/\/tageblatt24.eu\/?p=2023\" \/>\n<meta property=\"og:locale\" content=\"de_DE\" \/>\n<meta property=\"og:type\" content=\"article\" \/>\n<meta property=\"og:title\" content=\"Wirtschaftskrieg durch Trump? Joachim Pfeiffer (CDU) warnt\" \/>\n<meta property=\"og:description\" content=\"Wirtschaftskrieg durch Trump? Unions-Wirtschaftssprecher Joachim Pfeiffer (CDU) warnt vor den Folgen. Interview aus der Wochenzeitung \u201eDas Parlament\u201c\" \/>\n<meta property=\"og:url\" content=\"https:\/\/tageblatt24.eu\/?p=2023\" \/>\n<meta property=\"og:site_name\" content=\"Tageblatt24.eu | News &amp; Nachrichten f\u00fcr Tierfreunde\" \/>\n<meta property=\"article:published_time\" content=\"2017-01-27T16:47:34+00:00\" \/>\n<meta property=\"og:image\" content=\"https:\/\/tageblatt24.eu\/wp-content\/uploads\/2017\/01\/Tageblatt24-News-Nachrichten-Bundestag.jpg\" \/>\n\t<meta property=\"og:image:width\" content=\"300\" \/>\n\t<meta property=\"og:image:height\" content=\"300\" \/>\n\t<meta property=\"og:image:type\" content=\"image\/jpeg\" \/>\n<meta name=\"author\" content=\"Tageblatt24.eu\" \/>\n<meta name=\"twitter:card\" content=\"summary_large_image\" \/>\n<meta name=\"twitter:label1\" content=\"Verfasst von\" \/>\n\t<meta name=\"twitter:data1\" content=\"Tageblatt24.eu\" \/>\n\t<meta name=\"twitter:label2\" content=\"Gesch\u00e4tzte Lesezeit\" \/>\n\t<meta name=\"twitter:data2\" content=\"7\u00a0Minuten\" \/>\n<script type=\"application\/ld+json\" class=\"yoast-schema-graph\">{\"@context\":\"https:\\\/\\\/schema.org\",\"@graph\":[{\"@type\":\"Article\",\"@id\":\"https:\\\/\\\/tageblatt24.eu\\\/?p=2023#article\",\"isPartOf\":{\"@id\":\"https:\\\/\\\/tageblatt24.eu\\\/?p=2023\"},\"author\":{\"name\":\"Tageblatt24.eu\",\"@id\":\"https:\\\/\\\/tageblatt24.eu\\\/#\\\/schema\\\/person\\\/676f81d2e0f46b203faa54bb1d1f455d\"},\"headline\":\"Wirtschaftskrieg durch Trump? Unions-Wirtschaftssprecher Joachim Pfeiffer (CDU) warnt vor den Folgen\",\"datePublished\":\"2017-01-27T16:47:34+00:00\",\"mainEntityOfPage\":{\"@id\":\"https:\\\/\\\/tageblatt24.eu\\\/?p=2023\"},\"wordCount\":1356,\"commentCount\":0,\"image\":{\"@id\":\"https:\\\/\\\/tageblatt24.eu\\\/?p=2023#primaryimage\"},\"thumbnailUrl\":\"https:\\\/\\\/tageblatt24.eu\\\/wp-content\\\/uploads\\\/2017\\\/01\\\/Tageblatt24-News-Nachrichten-Bundestag.jpg\",\"articleSection\":{\"0\":\"Aktuell\",\"2\":\"Bundestag und Bundesrat\",\"3\":\"Business\",\"4\":\"Deutschland\",\"5\":\"Norddeutschland\",\"6\":\"Politik &amp; Wirtschaft\",\"7\":\"Themen A-K\",\"8\":\"Themen L-Z\",\"9\":\"Welt\"},\"inLanguage\":\"de\",\"potentialAction\":[{\"@type\":\"CommentAction\",\"name\":\"Comment\",\"target\":[\"https:\\\/\\\/tageblatt24.eu\\\/?p=2023#respond\"]}]},{\"@type\":\"WebPage\",\"@id\":\"https:\\\/\\\/tageblatt24.eu\\\/?p=2023\",\"url\":\"https:\\\/\\\/tageblatt24.eu\\\/?p=2023\",\"name\":\"Wirtschaftskrieg durch Trump? Joachim Pfeiffer (CDU) warnt\",\"isPartOf\":{\"@id\":\"https:\\\/\\\/tageblatt24.eu\\\/#website\"},\"primaryImageOfPage\":{\"@id\":\"https:\\\/\\\/tageblatt24.eu\\\/?p=2023#primaryimage\"},\"image\":{\"@id\":\"https:\\\/\\\/tageblatt24.eu\\\/?p=2023#primaryimage\"},\"thumbnailUrl\":\"https:\\\/\\\/tageblatt24.eu\\\/wp-content\\\/uploads\\\/2017\\\/01\\\/Tageblatt24-News-Nachrichten-Bundestag.jpg\",\"datePublished\":\"2017-01-27T16:47:34+00:00\",\"author\":{\"@id\":\"https:\\\/\\\/tageblatt24.eu\\\/#\\\/schema\\\/person\\\/676f81d2e0f46b203faa54bb1d1f455d\"},\"description\":\"Wirtschaftskrieg durch Trump? Unions-Wirtschaftssprecher Joachim Pfeiffer (CDU) warnt vor den Folgen. Interview aus der Wochenzeitung \u201eDas Parlament\u201c\",\"breadcrumb\":{\"@id\":\"https:\\\/\\\/tageblatt24.eu\\\/?p=2023#breadcrumb\"},\"inLanguage\":\"de\",\"potentialAction\":[{\"@type\":\"ReadAction\",\"target\":[\"https:\\\/\\\/tageblatt24.eu\\\/?p=2023\"]}]},{\"@type\":\"ImageObject\",\"inLanguage\":\"de\",\"@id\":\"https:\\\/\\\/tageblatt24.eu\\\/?p=2023#primaryimage\",\"url\":\"https:\\\/\\\/tageblatt24.eu\\\/wp-content\\\/uploads\\\/2017\\\/01\\\/Tageblatt24-News-Nachrichten-Bundestag.jpg\",\"contentUrl\":\"https:\\\/\\\/tageblatt24.eu\\\/wp-content\\\/uploads\\\/2017\\\/01\\\/Tageblatt24-News-Nachrichten-Bundestag.jpg\",\"width\":\"300\",\"height\":\"300\",\"caption\":\"Bundestag\"},{\"@type\":\"BreadcrumbList\",\"@id\":\"https:\\\/\\\/tageblatt24.eu\\\/?p=2023#breadcrumb\",\"itemListElement\":[{\"@type\":\"ListItem\",\"position\":1,\"name\":\"Start\",\"item\":\"https:\\\/\\\/tageblatt24.eu\\\/\"},{\"@type\":\"ListItem\",\"position\":2,\"name\":\"Wirtschaftskrieg durch Trump? Unions-Wirtschaftssprecher Joachim Pfeiffer (CDU) warnt vor den Folgen\"}]},{\"@type\":\"WebSite\",\"@id\":\"https:\\\/\\\/tageblatt24.eu\\\/#website\",\"url\":\"https:\\\/\\\/tageblatt24.eu\\\/\",\"name\":\"Tageblatt24.eu | News &amp; Nachrichten f\u00fcr Tierfreunde\",\"description\":\"Das Nachrichtenmagazin f\u00fcr Tierfreunde aus Hamburg \u2013 Bremen \u2013 Niedersachsen \u2013 Schleswig-Holstein und der Welt\",\"potentialAction\":[{\"@type\":\"SearchAction\",\"target\":{\"@type\":\"EntryPoint\",\"urlTemplate\":\"https:\\\/\\\/tageblatt24.eu\\\/?s={search_term_string}\"},\"query-input\":{\"@type\":\"PropertyValueSpecification\",\"valueRequired\":true,\"valueName\":\"search_term_string\"}}],\"inLanguage\":\"de\"},{\"@type\":\"Person\",\"@id\":\"https:\\\/\\\/tageblatt24.eu\\\/#\\\/schema\\\/person\\\/676f81d2e0f46b203faa54bb1d1f455d\",\"name\":\"Tageblatt24.eu\",\"url\":\"https:\\\/\\\/tageblatt24.eu\\\/?author=1\"}]}<\/script>\n<!-- \/ Yoast SEO plugin. -->","yoast_head_json":{"title":"Wirtschaftskrieg durch Trump? Joachim Pfeiffer (CDU) warnt","description":"Wirtschaftskrieg durch Trump? Unions-Wirtschaftssprecher Joachim Pfeiffer (CDU) warnt vor den Folgen. Interview aus der Wochenzeitung \u201eDas Parlament\u201c","robots":{"index":"index","follow":"follow","max-snippet":"max-snippet:-1","max-image-preview":"max-image-preview:large","max-video-preview":"max-video-preview:-1"},"canonical":"https:\/\/tageblatt24.eu\/?p=2023","og_locale":"de_DE","og_type":"article","og_title":"Wirtschaftskrieg durch Trump? Joachim Pfeiffer (CDU) warnt","og_description":"Wirtschaftskrieg durch Trump? Unions-Wirtschaftssprecher Joachim Pfeiffer (CDU) warnt vor den Folgen. Interview aus der Wochenzeitung \u201eDas Parlament\u201c","og_url":"https:\/\/tageblatt24.eu\/?p=2023","og_site_name":"Tageblatt24.eu | News &amp; Nachrichten f\u00fcr Tierfreunde","article_published_time":"2017-01-27T16:47:34+00:00","og_image":[{"width":300,"height":300,"url":"https:\/\/tageblatt24.eu\/wp-content\/uploads\/2017\/01\/Tageblatt24-News-Nachrichten-Bundestag.jpg","type":"image\/jpeg"}],"author":"Tageblatt24.eu","twitter_card":"summary_large_image","twitter_misc":{"Verfasst von":"Tageblatt24.eu","Gesch\u00e4tzte Lesezeit":"7\u00a0Minuten"},"schema":{"@context":"https:\/\/schema.org","@graph":[{"@type":"Article","@id":"https:\/\/tageblatt24.eu\/?p=2023#article","isPartOf":{"@id":"https:\/\/tageblatt24.eu\/?p=2023"},"author":{"name":"Tageblatt24.eu","@id":"https:\/\/tageblatt24.eu\/#\/schema\/person\/676f81d2e0f46b203faa54bb1d1f455d"},"headline":"Wirtschaftskrieg durch Trump? Unions-Wirtschaftssprecher Joachim Pfeiffer (CDU) warnt vor den Folgen","datePublished":"2017-01-27T16:47:34+00:00","mainEntityOfPage":{"@id":"https:\/\/tageblatt24.eu\/?p=2023"},"wordCount":1356,"commentCount":0,"image":{"@id":"https:\/\/tageblatt24.eu\/?p=2023#primaryimage"},"thumbnailUrl":"https:\/\/tageblatt24.eu\/wp-content\/uploads\/2017\/01\/Tageblatt24-News-Nachrichten-Bundestag.jpg","articleSection":{"0":"Aktuell","2":"Bundestag und Bundesrat","3":"Business","4":"Deutschland","5":"Norddeutschland","6":"Politik &amp; Wirtschaft","7":"Themen A-K","8":"Themen L-Z","9":"Welt"},"inLanguage":"de","potentialAction":[{"@type":"CommentAction","name":"Comment","target":["https:\/\/tageblatt24.eu\/?p=2023#respond"]}]},{"@type":"WebPage","@id":"https:\/\/tageblatt24.eu\/?p=2023","url":"https:\/\/tageblatt24.eu\/?p=2023","name":"Wirtschaftskrieg durch Trump? Joachim Pfeiffer (CDU) warnt","isPartOf":{"@id":"https:\/\/tageblatt24.eu\/#website"},"primaryImageOfPage":{"@id":"https:\/\/tageblatt24.eu\/?p=2023#primaryimage"},"image":{"@id":"https:\/\/tageblatt24.eu\/?p=2023#primaryimage"},"thumbnailUrl":"https:\/\/tageblatt24.eu\/wp-content\/uploads\/2017\/01\/Tageblatt24-News-Nachrichten-Bundestag.jpg","datePublished":"2017-01-27T16:47:34+00:00","author":{"@id":"https:\/\/tageblatt24.eu\/#\/schema\/person\/676f81d2e0f46b203faa54bb1d1f455d"},"description":"Wirtschaftskrieg durch Trump? Unions-Wirtschaftssprecher Joachim Pfeiffer (CDU) warnt vor den Folgen. Interview aus der Wochenzeitung \u201eDas Parlament\u201c","breadcrumb":{"@id":"https:\/\/tageblatt24.eu\/?p=2023#breadcrumb"},"inLanguage":"de","potentialAction":[{"@type":"ReadAction","target":["https:\/\/tageblatt24.eu\/?p=2023"]}]},{"@type":"ImageObject","inLanguage":"de","@id":"https:\/\/tageblatt24.eu\/?p=2023#primaryimage","url":"https:\/\/tageblatt24.eu\/wp-content\/uploads\/2017\/01\/Tageblatt24-News-Nachrichten-Bundestag.jpg","contentUrl":"https:\/\/tageblatt24.eu\/wp-content\/uploads\/2017\/01\/Tageblatt24-News-Nachrichten-Bundestag.jpg","width":"300","height":"300","caption":"Bundestag"},{"@type":"BreadcrumbList","@id":"https:\/\/tageblatt24.eu\/?p=2023#breadcrumb","itemListElement":[{"@type":"ListItem","position":1,"name":"Start","item":"https:\/\/tageblatt24.eu\/"},{"@type":"ListItem","position":2,"name":"Wirtschaftskrieg durch Trump? Unions-Wirtschaftssprecher Joachim Pfeiffer (CDU) warnt vor den Folgen"}]},{"@type":"WebSite","@id":"https:\/\/tageblatt24.eu\/#website","url":"https:\/\/tageblatt24.eu\/","name":"Tageblatt24.eu | News &amp; Nachrichten f\u00fcr Tierfreunde","description":"Das Nachrichtenmagazin f\u00fcr Tierfreunde aus Hamburg \u2013 Bremen \u2013 Niedersachsen \u2013 Schleswig-Holstein und der Welt","potentialAction":[{"@type":"SearchAction","target":{"@type":"EntryPoint","urlTemplate":"https:\/\/tageblatt24.eu\/?s={search_term_string}"},"query-input":{"@type":"PropertyValueSpecification","valueRequired":true,"valueName":"search_term_string"}}],"inLanguage":"de"},{"@type":"Person","@id":"https:\/\/tageblatt24.eu\/#\/schema\/person\/676f81d2e0f46b203faa54bb1d1f455d","name":"Tageblatt24.eu","url":"https:\/\/tageblatt24.eu\/?author=1"}]}},"_links":{"self":[{"href":"https:\/\/tageblatt24.eu\/index.php?rest_route=\/wp\/v2\/posts\/2023","targetHints":{"allow":["GET"]}}],"collection":[{"href":"https:\/\/tageblatt24.eu\/index.php?rest_route=\/wp\/v2\/posts"}],"about":[{"href":"https:\/\/tageblatt24.eu\/index.php?rest_route=\/wp\/v2\/types\/post"}],"author":[{"embeddable":true,"href":"https:\/\/tageblatt24.eu\/index.php?rest_route=\/wp\/v2\/users\/1"}],"replies":[{"embeddable":true,"href":"https:\/\/tageblatt24.eu\/index.php?rest_route=%2Fwp%2Fv2%2Fcomments&post=2023"}],"version-history":[{"count":0,"href":"https:\/\/tageblatt24.eu\/index.php?rest_route=\/wp\/v2\/posts\/2023\/revisions"}],"wp:featuredmedia":[{"embeddable":true,"href":"https:\/\/tageblatt24.eu\/index.php?rest_route=\/wp\/v2\/media\/1877"}],"wp:attachment":[{"href":"https:\/\/tageblatt24.eu\/index.php?rest_route=%2Fwp%2Fv2%2Fmedia&parent=2023"}],"wp:term":[{"taxonomy":"category","embeddable":true,"href":"https:\/\/tageblatt24.eu\/index.php?rest_route=%2Fwp%2Fv2%2Fcategories&post=2023"},{"taxonomy":"post_tag","embeddable":true,"href":"https:\/\/tageblatt24.eu\/index.php?rest_route=%2Fwp%2Fv2%2Ftags&post=2023"}],"curies":[{"name":"wp","href":"https:\/\/api.w.org\/{rel}","templated":true}]}}