{"id":3090,"date":"2017-10-18T10:48:26","date_gmt":"2017-10-18T08:48:26","guid":{"rendered":"https:\/\/tageblatt24.eu\/?p=3090"},"modified":"2019-03-19T22:35:33","modified_gmt":"2019-03-19T21:35:33","slug":"aidacara-startete-am-17-10-2017-in-hamburg-zu-ihrer-ersten-weltreise","status":"publish","type":"post","link":"https:\/\/tageblatt24.eu\/?p=3090","title":{"rendered":"AIDAcara startete am 17.10.2017 in Hamburg zu ihrer ersten Weltreise"},"content":{"rendered":"<p><img decoding=\"async\" class=\"size-full wp-image-3091 alignnone\" src=\"https:\/\/tageblatt24.eu\/wp-content\/uploads\/2017\/10\/AIDAcara_Start_Weltreise_Hamburg_c_Andre_Lenthe.jpg\" alt=\"AIDACara\" width=\"640\" height=\"426\" srcset=\"https:\/\/tageblatt24.eu\/wp-content\/uploads\/2017\/10\/AIDAcara_Start_Weltreise_Hamburg_c_Andre_Lenthe.jpg 640w, https:\/\/tageblatt24.eu\/wp-content\/uploads\/2017\/10\/AIDAcara_Start_Weltreise_Hamburg_c_Andre_Lenthe-315x210.jpg 315w, https:\/\/tageblatt24.eu\/wp-content\/uploads\/2017\/10\/AIDAcara_Start_Weltreise_Hamburg_c_Andre_Lenthe-379x252.jpg 379w, https:\/\/tageblatt24.eu\/wp-content\/uploads\/2017\/10\/AIDAcara_Start_Weltreise_Hamburg_c_Andre_Lenthe-150x100.jpg 150w, https:\/\/tageblatt24.eu\/wp-content\/uploads\/2017\/10\/AIDAcara_Start_Weltreise_Hamburg_c_Andre_Lenthe-466x311.jpg 466w, https:\/\/tageblatt24.eu\/wp-content\/uploads\/2017\/10\/AIDAcara_Start_Weltreise_Hamburg_c_Andre_Lenthe-236x157.jpg 236w\" sizes=\"(max-width: 640px) 100vw, 640px\" \/><\/p>\n<h2>AIDAcara startete in Hamburg am 17.10.2017 zu ihrer ersten Weltreise<\/h2>\n<p><em><strong>AIDAcara<\/strong><\/em> &#8211; Am Dienstagabend, den 17. Oktober 2017, \u00bfum 20:00 Uhr hie\u00df es in Hamburg f\u00fcr AIDAcara &#8222;Leinen los!&#8220; zur ersten Weltreise von AIDA Cruises. Sie f\u00fchrt in 116 Tagen zu 41 H\u00e4fen in 23 L\u00e4ndern auf f\u00fcnf Kontinenten. Highlights der Reise sind u.a. der Besuch der Osterinseln, Neuseeland und Australien, der Zuckerhut in Rio de Janeiro und die Malediven. Grund genug f\u00fcr die Reederei, diese Premiere dieses mit einem ganz besonderen Auslaufen zu feiern.<\/p>\n<p>Bevor sich AIDAcara mit rund 1.100 G\u00e4sten an Bord aus der Hansestadt verabschiedete, unternahm Kapit\u00e4n Lars Kr\u00fcger nach dem Ablegen vom Cruise Center Steinwerden um 20:00 Uhr eine kleine Hafenrundfahrt entlang der Hafencity und Elbphilharmonie. Anschlie\u00dfend ging es Richtung Altona elbabw\u00e4rts wo um 21:30 Uhr ein gro\u00dfes Feuerwerk den Nachthimmel \u00fcber Hamburg erleuchtete. Rund 2.000 Zuschauer verfolgten die Verabschiedung von AIDAcara am Elbufer oder live via Facebook.<\/p>\n<p>Von Hamburg aus nimmt AIDAcara \u00fcber Southampton, Lissabon, Funchal (Madeira) und Praia (Kap Verde) Kurs auf S\u00fcdamerika. Zur \u00c4quator\u00fcberquerung wird am 31. Oktober 2017 traditionsgem\u00e4\u00df Neptun mit seinem Gefolge am Bord erwartet und G\u00e4ste und Crew anl\u00e4sslich ihrer Erst\u00fcberquerung taufen.<br \/>\nTraumziele wie Recife und Rio de Janeiro (Brasilien), Montevideo (Uruguay), Buenos Aires (Argentinien) und Ushuaia in Feuerland sind nur einige Stationen, bevor es von Valparaiso (Chile) aus zu den Osterinseln geht. Weiter f\u00fchrt die Reise nach Tahiti, Moorea und Bora Bora im S\u00fcdseeparadies Franz\u00f6sisch-Polynesien. Auckland (Neuseeland), Sydney (Australien), das Great Barrier Reef, Bali, Singapur und die Malediven lassen das Herz der Entdecker h\u00f6her schlagen.<\/p>\n<p>Die G\u00e4ste der Weltreise werden Land und Leute auf einzigartige Weise erleben. Auf ausgedehnten Ausfl\u00fcgen haben sie die M\u00f6glichkeit, beeindruckende Landschaften und Kulturen sowie einzigartige Naturwelten von einer v\u00f6llig neuen Seite kennenzulernen. An Bord genie\u00dfen sie die pers\u00f6nliche und entspannte Atmosph\u00e4re von AIDAcara. Das individuell gestaltete Entertainmentprogramm nimmt Bezug auf die landestypische Kultur der angesteuerten Destinationen. Zahlreiche Gastk\u00fcnstler aus Comedy, Magie, Travestie, Artistik sowie Musik sorgen f\u00fcr G\u00e4nsehaut und Gl\u00fccksgef\u00fchle. Exklusiv an Bord: Startenor Tobey Wilson mit einem Repertoire aus Klassik, Pop und Jazz.<\/p>\n<p>Spannende Informationen und Hintergr\u00fcnde rund um die verschiedenen Stationen der Weltreise vermitteln an Bord Gastlektoren wie Krimiautor J\u00f6rg B\u00f6hm oder Dokumentarfilmer und Expeditionsleiter Klaus Kiesewetter. Schauspieler Wanja Mues wiederum wird im Rahmen der Reihe &#8222;Prominente Lesen&#8220; seine Lieblingsb\u00fccher vorstellen. DFB- und St. Pauli-Fitnesscoach Dr. Pedro Gonzalez vermittelt in Theorie und Praxis Einblicke in sein wissenschaftliches Trainingsprogramm mit denen er bereits Profi-Athleten und Fu\u00dfballweltmeister zum Erfolg f\u00fchrte.<\/p>\n<p>Au\u00dferdem genie\u00dfen die G\u00e4ste auf dieser faszinierenden Reise ein exquisites kulinarisches Angebot mit \u00fcber 70 regionalen Spezialit\u00e4ten-Men\u00fcs, die von Rezepten bis Gew\u00fcrzen auf die einzelnen Destinationen abgestimmt sind.<\/p>\n<p>Am 8. Oktober 2018 hei\u00dft es dann &#8222;Leinen los!&#8220; zur zweiten Weltreise: AIDAaura reist von Hamburg aus in 117 Tagen zu 41 H\u00e4fen in 20 L\u00e4ndern auf vier Kontinenten. Bis zum 2. Februar 2019 werden viele Destinationen zum ersten Mal in der AIDA Geschichte angelaufen. Dazu z\u00e4hlen zum Beispiel S\u00fcdafrika, Namibia, Melbourne, Tasmanien und auch die S\u00fcdsee-Archipele Fidschi, Samoa und Neukaledonien.<\/p>\n<p>Auf www.aidaselection.de stellt AIDA nicht nur die Reise und das Bordprogramm vor. In inspirierenden Videos und Interviews werden auch die einzelnen Destinationen und ihre Bewohner n\u00e4her gebracht.<\/p>\n<p><img decoding=\"async\" class=\"size-full wp-image-2919 alignnone\" src=\"https:\/\/tageblatt24.eu\/wp-content\/uploads\/2017\/04\/AIDAdiva-Kreuzfahrt-mit-der-AIDA.jpg\" alt=\"AIDAdiva\" width=\"650\" height=\"290\" srcset=\"https:\/\/tageblatt24.eu\/wp-content\/uploads\/2017\/04\/AIDAdiva-Kreuzfahrt-mit-der-AIDA.jpg 650w, https:\/\/tageblatt24.eu\/wp-content\/uploads\/2017\/04\/AIDAdiva-Kreuzfahrt-mit-der-AIDA-400x178.jpg 400w, https:\/\/tageblatt24.eu\/wp-content\/uploads\/2017\/04\/AIDAdiva-Kreuzfahrt-mit-der-AIDA-480x214.jpg 480w, https:\/\/tageblatt24.eu\/wp-content\/uploads\/2017\/04\/AIDAdiva-Kreuzfahrt-mit-der-AIDA-150x67.jpg 150w, https:\/\/tageblatt24.eu\/wp-content\/uploads\/2017\/04\/AIDAdiva-Kreuzfahrt-mit-der-AIDA-300x134.jpg 300w\" sizes=\"(max-width: 650px) 100vw, 650px\" \/><\/p>\n<p>***<br \/>\nBild &amp; Text:\u00a0AIDA Cruises<\/p>\n<div class=\"shariff shariff-align-left shariff-widget-align-left shariff-buttonstretch\" style=\"display:none\" data-services=\"facebook%7Cpinterest\" data-url=\"https:\/\/tageblatt24.eu\/?p=3090\" data-timestamp=\"1553034933\" data-hidezero=\"1\" data-backendurl=\"?rest_route=\/shariff\/v1\/share_counts&\"><ul class=\"shariff-buttons theme-default orientation-horizontal buttonsize-medium\"><li class=\"shariff-button facebook shariff-nocustomcolor\" style=\"background-color:#4273c8\"><a href=\"https:\/\/www.facebook.com\/sharer\/sharer.php?u=https%3A%2F%2Ftageblatt24.eu%2F%3Fp%3D3090\" title=\"Bei Facebook teilen\" aria-label=\"Bei Facebook teilen\" role=\"button\" rel=\"nofollow\" class=\"shariff-link\" style=\"; background-color:#3b5998; color:#fff\" target=\"_blank\"><span class=\"shariff-icon\" style=\"\"><svg width=\"32px\" height=\"20px\" xmlns=\"http:\/\/www.w3.org\/2000\/svg\" viewBox=\"0 0 18 32\"><path fill=\"#3b5998\" d=\"M17.1 0.2v4.7h-2.8q-1.5 0-2.1 0.6t-0.5 1.9v3.4h5.2l-0.7 5.3h-4.5v13.6h-5.5v-13.6h-4.5v-5.3h4.5v-3.9q0-3.3 1.9-5.2t5-1.8q2.6 0 4.1 0.2z\"\/><\/svg><\/span><span class=\"shariff-text\">teilen<\/span>&nbsp;<span data-service=\"facebook\" style=\"color:#3b5998\" class=\"shariff-count shariff-hidezero\"><\/span>&nbsp;<\/a><\/li><li class=\"shariff-button twitter shariff-nocustomcolor\" style=\"background-color:#595959\"><a href=\"https:\/\/twitter.com\/share?url=https%3A%2F%2Ftageblatt24.eu%2F%3Fp%3D3090&text=AIDAcara%20startete%20am%2017.10.2017%20in%20Hamburg%20zu%20ihrer%20ersten%20Weltreise&via=hkorsten\" title=\"Bei X teilen\" aria-label=\"Bei X teilen\" role=\"button\" rel=\"noopener nofollow\" class=\"shariff-link\" style=\"; background-color:#000; color:#fff\" target=\"_blank\"><span class=\"shariff-icon\" style=\"\"><svg width=\"32px\" height=\"20px\" xmlns=\"http:\/\/www.w3.org\/2000\/svg\" viewBox=\"0 0 24 24\"><path fill=\"#000\" d=\"M14.258 10.152L23.176 0h-2.113l-7.747 8.813L7.133 0H0l9.352 13.328L0 23.973h2.113l8.176-9.309 6.531 9.309h7.133zm-2.895 3.293l-.949-1.328L2.875 1.56h3.246l6.086 8.523.945 1.328 7.91 11.078h-3.246zm0 0\"\/><\/svg><\/span><span class=\"shariff-text\">teilen<\/span>&nbsp;<\/a><\/li><li class=\"shariff-button xing shariff-nocustomcolor\" style=\"background-color:#29888a\"><a href=\"https:\/\/www.xing.com\/spi\/shares\/new?url=https%3A%2F%2Ftageblatt24.eu%2F%3Fp%3D3090\" title=\"Bei XING teilen\" aria-label=\"Bei XING teilen\" role=\"button\" rel=\"noopener nofollow\" class=\"shariff-link\" style=\"; background-color:#126567; color:#fff\" target=\"_blank\"><span class=\"shariff-icon\" style=\"\"><svg width=\"32px\" height=\"20px\" xmlns=\"http:\/\/www.w3.org\/2000\/svg\" viewBox=\"0 0 25 32\"><path fill=\"#126567\" d=\"M10.7 11.9q-0.2 0.3-4.6 8.2-0.5 0.8-1.2 0.8h-4.3q-0.4 0-0.5-0.3t0-0.6l4.5-8q0 0 0 0l-2.9-5q-0.2-0.4 0-0.7 0.2-0.3 0.5-0.3h4.3q0.7 0 1.2 0.8zM25.1 0.4q0.2 0.3 0 0.7l-9.4 16.7 6 11q0.2 0.4 0 0.6-0.2 0.3-0.6 0.3h-4.3q-0.7 0-1.2-0.8l-6-11.1q0.3-0.6 9.5-16.8 0.4-0.8 1.2-0.8h4.3q0.4 0 0.5 0.3z\"\/><\/svg><\/span><span class=\"shariff-text\">teilen<\/span>&nbsp;<\/a><\/li><li class=\"shariff-button linkedin shariff-nocustomcolor\" style=\"background-color:#1488bf\"><a href=\"https:\/\/www.linkedin.com\/sharing\/share-offsite\/?url=https%3A%2F%2Ftageblatt24.eu%2F%3Fp%3D3090\" title=\"Bei LinkedIn teilen\" aria-label=\"Bei LinkedIn teilen\" role=\"button\" rel=\"noopener nofollow\" class=\"shariff-link\" style=\"; background-color:#0077b5; color:#fff\" target=\"_blank\"><span class=\"shariff-icon\" style=\"\"><svg width=\"32px\" height=\"20px\" xmlns=\"http:\/\/www.w3.org\/2000\/svg\" viewBox=\"0 0 27 32\"><path fill=\"#0077b5\" d=\"M6.2 11.2v17.7h-5.9v-17.7h5.9zM6.6 5.7q0 1.3-0.9 2.2t-2.4 0.9h0q-1.5 0-2.4-0.9t-0.9-2.2 0.9-2.2 2.4-0.9 2.4 0.9 0.9 2.2zM27.4 18.7v10.1h-5.9v-9.5q0-1.9-0.7-2.9t-2.3-1.1q-1.1 0-1.9 0.6t-1.2 1.5q-0.2 0.5-0.2 1.4v9.9h-5.9q0-7.1 0-11.6t0-5.3l0-0.9h5.9v2.6h0q0.4-0.6 0.7-1t1-0.9 1.6-0.8 2-0.3q3 0 4.9 2t1.9 6z\"\/><\/svg><\/span><span class=\"shariff-text\">teilen<\/span>&nbsp;<\/a><\/li><li class=\"shariff-button pinterest shariff-nocustomcolor\" style=\"background-color:#e70f18\"><a href=\"https:\/\/www.pinterest.com\/pin\/create\/link\/?url=https%3A%2F%2Ftageblatt24.eu%2F%3Fp%3D3090&media=https%3A%2F%2Ftageblatt24.eu%2Fwp-content%2Fuploads%2F2017%2F10%2FAIDAcara_Start_Weltreise_Hamburg_c_Andre_Lenthe.jpg&description=AIDAcara%20startete%20am%2017.10.2017%20in%20Hamburg%20zu%20ihrer%20ersten%20Weltreise\" title=\"Bei Pinterest pinnen\" aria-label=\"Bei Pinterest pinnen\" role=\"button\" rel=\"noopener nofollow\" class=\"shariff-link\" style=\"; background-color:#cb2027; color:#fff\" target=\"_blank\"><span class=\"shariff-icon\" style=\"\"><svg width=\"32px\" height=\"20px\" xmlns=\"http:\/\/www.w3.org\/2000\/svg\" viewBox=\"0 0 27 32\"><path fill=\"#cb2027\" d=\"M27.4 16q0 3.7-1.8 6.9t-5 5-6.9 1.9q-2 0-3.9-0.6 1.1-1.7 1.4-2.9 0.2-0.6 1-3.8 0.4 0.7 1.3 1.2t2 0.5q2.1 0 3.8-1.2t2.7-3.4 0.9-4.8q0-2-1.1-3.8t-3.1-2.9-4.5-1.2q-1.9 0-3.5 0.5t-2.8 1.4-2 2-1.2 2.3-0.4 2.4q0 1.9 0.7 3.3t2.1 2q0.5 0.2 0.7-0.4 0-0.1 0.1-0.5t0.2-0.5q0.1-0.4-0.2-0.8-0.9-1.1-0.9-2.7 0-2.7 1.9-4.6t4.9-2q2.7 0 4.2 1.5t1.5 3.8q0 3-1.2 5.2t-3.1 2.1q-1.1 0-1.7-0.8t-0.4-1.9q0.1-0.6 0.5-1.7t0.5-1.8 0.2-1.4q0-0.9-0.5-1.5t-1.4-0.6q-1.1 0-1.9 1t-0.8 2.6q0 1.3 0.4 2.2l-1.8 7.5q-0.3 1.2-0.2 3.2-3.7-1.6-6-5t-2.3-7.6q0-3.7 1.9-6.9t5-5 6.9-1.9 6.9 1.9 5 5 1.8 6.9z\"\/><\/svg><\/span><span class=\"shariff-text\">merken<\/span>&nbsp;<span data-service=\"pinterest\" style=\"color:#cb2027\" class=\"shariff-count shariff-hidezero\"><\/span>&nbsp;<\/a><\/li><\/ul><\/div>","protected":false},"excerpt":{"rendered":"<p>AIDAcara startete in Hamburg am 17.10.2017 zu ihrer ersten Weltreise AIDAcara &#8211; Am Dienstagabend, den 17. Oktober 2017, \u00bfum 20:00 Uhr hie\u00df es in Hamburg f\u00fcr AIDAcara &#8222;Leinen los!&#8220; zur ersten Weltreise von AIDA Cruises. Sie f\u00fchrt in 116 Tagen zu 41 H\u00e4fen in 23 L\u00e4ndern auf f\u00fcnf Kontinenten. Highlights der Reise sind u.a. der [&hellip;]<\/p>\n","protected":false},"author":1,"featured_media":3091,"comment_status":"open","ping_status":"closed","sticky":false,"template":"","format":"standard","meta":{"site-sidebar-layout":"default","site-content-layout":"","ast-site-content-layout":"default","site-content-style":"default","site-sidebar-style":"default","ast-global-header-display":"","ast-banner-title-visibility":"","ast-main-header-display":"","ast-hfb-above-header-display":"","ast-hfb-below-header-display":"","ast-hfb-mobile-header-display":"","site-post-title":"","ast-breadcrumbs-content":"","ast-featured-img":"","footer-sml-layout":"","ast-disable-related-posts":"","theme-transparent-header-meta":"","adv-header-id-meta":"","stick-header-meta":"","header-above-stick-meta":"","header-main-stick-meta":"","header-below-stick-meta":"","astra-migrate-meta-layouts":"default","ast-page-background-enabled":"default","ast-page-background-meta":{"desktop":{"background-color":"","background-image":"","background-repeat":"repeat","background-position":"center center","background-size":"auto","background-attachment":"scroll","background-type":"","background-media":"","overlay-type":"","overlay-color":"","overlay-opacity":"","overlay-gradient":""},"tablet":{"background-color":"","background-image":"","background-repeat":"repeat","background-position":"center center","background-size":"auto","background-attachment":"scroll","background-type":"","background-media":"","overlay-type":"","overlay-color":"","overlay-opacity":"","overlay-gradient":""},"mobile":{"background-color":"","background-image":"","background-repeat":"repeat","background-position":"center center","background-size":"auto","background-attachment":"scroll","background-type":"","background-media":"","overlay-type":"","overlay-color":"","overlay-opacity":"","overlay-gradient":""}},"ast-content-background-meta":{"desktop":{"background-color":"var(--ast-global-color-5)","background-image":"","background-repeat":"repeat","background-position":"center center","background-size":"auto","background-attachment":"scroll","background-type":"","background-media":"","overlay-type":"","overlay-color":"","overlay-opacity":"","overlay-gradient":""},"tablet":{"background-color":"var(--ast-global-color-5)","background-image":"","background-repeat":"repeat","background-position":"center center","background-size":"auto","background-attachment":"scroll","background-type":"","background-media":"","overlay-type":"","overlay-color":"","overlay-opacity":"","overlay-gradient":""},"mobile":{"background-color":"var(--ast-global-color-5)","background-image":"","background-repeat":"repeat","background-position":"center center","background-size":"auto","background-attachment":"scroll","background-type":"","background-media":"","overlay-type":"","overlay-color":"","overlay-opacity":"","overlay-gradient":""}},"footnotes":""},"categories":[7,42,4,60,8,33,41],"tags":[],"class_list":["post-3090","post","type-post","status-publish","format-standard","has-post-thumbnail","hentry","category-aktuell","category-allgemein","category-hamburg","category-kreuzfahrten-meer","category-news","category-reise-tourismus","category-themen-l-z"],"yoast_head":"<!-- This site is optimized with the Yoast SEO plugin v28.3 - https:\/\/yoast.com\/product\/yoast-seo-wordpress\/ -->\n<title>AIDAcara startete in Hamburg zu ihrer ersten Weltreise<\/title>\n<meta name=\"description\" content=\"AIDAcara startete am 17.10.2017 in Hamburg zu ihrer ersten Weltreise. Verabschiedet wurde das Kreuzfahrtschiff mit einem gro\u00dfen Feuerwerk.\" \/>\n<meta name=\"robots\" content=\"index, follow, max-snippet:-1, max-image-preview:large, max-video-preview:-1\" \/>\n<link rel=\"canonical\" href=\"https:\/\/tageblatt24.eu\/?p=3090\" \/>\n<meta property=\"og:locale\" content=\"de_DE\" \/>\n<meta property=\"og:type\" content=\"article\" \/>\n<meta property=\"og:title\" content=\"AIDAcara startete in Hamburg zu ihrer ersten Weltreise\" \/>\n<meta property=\"og:description\" content=\"AIDAcara startete am 17.10.2017 in Hamburg zu ihrer ersten Weltreise. Verabschiedet wurde das Kreuzfahrtschiff mit einem gro\u00dfen Feuerwerk.\" \/>\n<meta property=\"og:url\" content=\"https:\/\/tageblatt24.eu\/?p=3090\" \/>\n<meta property=\"og:site_name\" content=\"Tageblatt24.eu | News &amp; Nachrichten f\u00fcr Tierfreunde\" \/>\n<meta property=\"article:published_time\" content=\"2017-10-18T08:48:26+00:00\" \/>\n<meta property=\"article:modified_time\" content=\"2019-03-19T21:35:33+00:00\" \/>\n<meta property=\"og:image\" content=\"https:\/\/tageblatt24.eu\/wp-content\/uploads\/2017\/10\/AIDAcara_Start_Weltreise_Hamburg_c_Andre_Lenthe.jpg\" \/>\n\t<meta property=\"og:image:width\" content=\"640\" \/>\n\t<meta property=\"og:image:height\" content=\"426\" \/>\n\t<meta property=\"og:image:type\" content=\"image\/jpeg\" \/>\n<meta name=\"author\" content=\"Tageblatt24.eu\" \/>\n<meta name=\"twitter:card\" content=\"summary_large_image\" \/>\n<meta name=\"twitter:label1\" content=\"Verfasst von\" \/>\n\t<meta name=\"twitter:data1\" content=\"Tageblatt24.eu\" \/>\n\t<meta name=\"twitter:label2\" content=\"Gesch\u00e4tzte Lesezeit\" \/>\n\t<meta name=\"twitter:data2\" content=\"3\u00a0Minuten\" \/>\n<script type=\"application\/ld+json\" class=\"yoast-schema-graph\">{\"@context\":\"https:\\\/\\\/schema.org\",\"@graph\":[{\"@type\":\"Article\",\"@id\":\"https:\\\/\\\/tageblatt24.eu\\\/?p=3090#article\",\"isPartOf\":{\"@id\":\"https:\\\/\\\/tageblatt24.eu\\\/?p=3090\"},\"author\":{\"name\":\"Tageblatt24.eu\",\"@id\":\"https:\\\/\\\/tageblatt24.eu\\\/#\\\/schema\\\/person\\\/676f81d2e0f46b203faa54bb1d1f455d\"},\"headline\":\"AIDAcara startete am 17.10.2017 in Hamburg zu ihrer ersten Weltreise\",\"datePublished\":\"2017-10-18T08:48:26+00:00\",\"dateModified\":\"2019-03-19T21:35:33+00:00\",\"mainEntityOfPage\":{\"@id\":\"https:\\\/\\\/tageblatt24.eu\\\/?p=3090\"},\"wordCount\":570,\"commentCount\":0,\"image\":{\"@id\":\"https:\\\/\\\/tageblatt24.eu\\\/?p=3090#primaryimage\"},\"thumbnailUrl\":\"https:\\\/\\\/tageblatt24.eu\\\/wp-content\\\/uploads\\\/2017\\\/10\\\/AIDAcara_Start_Weltreise_Hamburg_c_Andre_Lenthe.jpg\",\"articleSection\":{\"0\":\"Aktuell\",\"2\":\"Hamburg\",\"3\":\"Kreuzfahrten &amp; Meer\",\"4\":\"Norddeutschland\",\"5\":\"Reise &amp; Tourismus\",\"6\":\"Themen L-Z\"},\"inLanguage\":\"de\",\"potentialAction\":[{\"@type\":\"CommentAction\",\"name\":\"Comment\",\"target\":[\"https:\\\/\\\/tageblatt24.eu\\\/?p=3090#respond\"]}]},{\"@type\":\"WebPage\",\"@id\":\"https:\\\/\\\/tageblatt24.eu\\\/?p=3090\",\"url\":\"https:\\\/\\\/tageblatt24.eu\\\/?p=3090\",\"name\":\"AIDAcara startete in Hamburg zu ihrer ersten Weltreise\",\"isPartOf\":{\"@id\":\"https:\\\/\\\/tageblatt24.eu\\\/#website\"},\"primaryImageOfPage\":{\"@id\":\"https:\\\/\\\/tageblatt24.eu\\\/?p=3090#primaryimage\"},\"image\":{\"@id\":\"https:\\\/\\\/tageblatt24.eu\\\/?p=3090#primaryimage\"},\"thumbnailUrl\":\"https:\\\/\\\/tageblatt24.eu\\\/wp-content\\\/uploads\\\/2017\\\/10\\\/AIDAcara_Start_Weltreise_Hamburg_c_Andre_Lenthe.jpg\",\"datePublished\":\"2017-10-18T08:48:26+00:00\",\"dateModified\":\"2019-03-19T21:35:33+00:00\",\"author\":{\"@id\":\"https:\\\/\\\/tageblatt24.eu\\\/#\\\/schema\\\/person\\\/676f81d2e0f46b203faa54bb1d1f455d\"},\"description\":\"AIDAcara startete am 17.10.2017 in Hamburg zu ihrer ersten Weltreise. Verabschiedet wurde das Kreuzfahrtschiff mit einem gro\u00dfen Feuerwerk.\",\"breadcrumb\":{\"@id\":\"https:\\\/\\\/tageblatt24.eu\\\/?p=3090#breadcrumb\"},\"inLanguage\":\"de\",\"potentialAction\":[{\"@type\":\"ReadAction\",\"target\":[\"https:\\\/\\\/tageblatt24.eu\\\/?p=3090\"]}]},{\"@type\":\"ImageObject\",\"inLanguage\":\"de\",\"@id\":\"https:\\\/\\\/tageblatt24.eu\\\/?p=3090#primaryimage\",\"url\":\"https:\\\/\\\/tageblatt24.eu\\\/wp-content\\\/uploads\\\/2017\\\/10\\\/AIDAcara_Start_Weltreise_Hamburg_c_Andre_Lenthe.jpg\",\"contentUrl\":\"https:\\\/\\\/tageblatt24.eu\\\/wp-content\\\/uploads\\\/2017\\\/10\\\/AIDAcara_Start_Weltreise_Hamburg_c_Andre_Lenthe.jpg\",\"width\":\"640\",\"height\":\"426\",\"caption\":\"AIDACara\"},{\"@type\":\"BreadcrumbList\",\"@id\":\"https:\\\/\\\/tageblatt24.eu\\\/?p=3090#breadcrumb\",\"itemListElement\":[{\"@type\":\"ListItem\",\"position\":1,\"name\":\"Start\",\"item\":\"https:\\\/\\\/tageblatt24.eu\\\/\"},{\"@type\":\"ListItem\",\"position\":2,\"name\":\"AIDAcara startete am 17.10.2017 in Hamburg zu ihrer ersten Weltreise\"}]},{\"@type\":\"WebSite\",\"@id\":\"https:\\\/\\\/tageblatt24.eu\\\/#website\",\"url\":\"https:\\\/\\\/tageblatt24.eu\\\/\",\"name\":\"Tageblatt24.eu | News &amp; Nachrichten f\u00fcr Tierfreunde\",\"description\":\"Das Nachrichtenmagazin f\u00fcr Tierfreunde aus Hamburg \u2013 Bremen \u2013 Niedersachsen \u2013 Schleswig-Holstein und der Welt\",\"potentialAction\":[{\"@type\":\"SearchAction\",\"target\":{\"@type\":\"EntryPoint\",\"urlTemplate\":\"https:\\\/\\\/tageblatt24.eu\\\/?s={search_term_string}\"},\"query-input\":{\"@type\":\"PropertyValueSpecification\",\"valueRequired\":true,\"valueName\":\"search_term_string\"}}],\"inLanguage\":\"de\"},{\"@type\":\"Person\",\"@id\":\"https:\\\/\\\/tageblatt24.eu\\\/#\\\/schema\\\/person\\\/676f81d2e0f46b203faa54bb1d1f455d\",\"name\":\"Tageblatt24.eu\",\"url\":\"https:\\\/\\\/tageblatt24.eu\\\/?author=1\"}]}<\/script>\n<!-- \/ Yoast SEO plugin. -->","yoast_head_json":{"title":"AIDAcara startete in Hamburg zu ihrer ersten Weltreise","description":"AIDAcara startete am 17.10.2017 in Hamburg zu ihrer ersten Weltreise. Verabschiedet wurde das Kreuzfahrtschiff mit einem gro\u00dfen Feuerwerk.","robots":{"index":"index","follow":"follow","max-snippet":"max-snippet:-1","max-image-preview":"max-image-preview:large","max-video-preview":"max-video-preview:-1"},"canonical":"https:\/\/tageblatt24.eu\/?p=3090","og_locale":"de_DE","og_type":"article","og_title":"AIDAcara startete in Hamburg zu ihrer ersten Weltreise","og_description":"AIDAcara startete am 17.10.2017 in Hamburg zu ihrer ersten Weltreise. Verabschiedet wurde das Kreuzfahrtschiff mit einem gro\u00dfen Feuerwerk.","og_url":"https:\/\/tageblatt24.eu\/?p=3090","og_site_name":"Tageblatt24.eu | News &amp; Nachrichten f\u00fcr Tierfreunde","article_published_time":"2017-10-18T08:48:26+00:00","article_modified_time":"2019-03-19T21:35:33+00:00","og_image":[{"width":640,"height":426,"url":"https:\/\/tageblatt24.eu\/wp-content\/uploads\/2017\/10\/AIDAcara_Start_Weltreise_Hamburg_c_Andre_Lenthe.jpg","type":"image\/jpeg"}],"author":"Tageblatt24.eu","twitter_card":"summary_large_image","twitter_misc":{"Verfasst von":"Tageblatt24.eu","Gesch\u00e4tzte Lesezeit":"3\u00a0Minuten"},"schema":{"@context":"https:\/\/schema.org","@graph":[{"@type":"Article","@id":"https:\/\/tageblatt24.eu\/?p=3090#article","isPartOf":{"@id":"https:\/\/tageblatt24.eu\/?p=3090"},"author":{"name":"Tageblatt24.eu","@id":"https:\/\/tageblatt24.eu\/#\/schema\/person\/676f81d2e0f46b203faa54bb1d1f455d"},"headline":"AIDAcara startete am 17.10.2017 in Hamburg zu ihrer ersten Weltreise","datePublished":"2017-10-18T08:48:26+00:00","dateModified":"2019-03-19T21:35:33+00:00","mainEntityOfPage":{"@id":"https:\/\/tageblatt24.eu\/?p=3090"},"wordCount":570,"commentCount":0,"image":{"@id":"https:\/\/tageblatt24.eu\/?p=3090#primaryimage"},"thumbnailUrl":"https:\/\/tageblatt24.eu\/wp-content\/uploads\/2017\/10\/AIDAcara_Start_Weltreise_Hamburg_c_Andre_Lenthe.jpg","articleSection":{"0":"Aktuell","2":"Hamburg","3":"Kreuzfahrten &amp; Meer","4":"Norddeutschland","5":"Reise &amp; Tourismus","6":"Themen L-Z"},"inLanguage":"de","potentialAction":[{"@type":"CommentAction","name":"Comment","target":["https:\/\/tageblatt24.eu\/?p=3090#respond"]}]},{"@type":"WebPage","@id":"https:\/\/tageblatt24.eu\/?p=3090","url":"https:\/\/tageblatt24.eu\/?p=3090","name":"AIDAcara startete in Hamburg zu ihrer ersten Weltreise","isPartOf":{"@id":"https:\/\/tageblatt24.eu\/#website"},"primaryImageOfPage":{"@id":"https:\/\/tageblatt24.eu\/?p=3090#primaryimage"},"image":{"@id":"https:\/\/tageblatt24.eu\/?p=3090#primaryimage"},"thumbnailUrl":"https:\/\/tageblatt24.eu\/wp-content\/uploads\/2017\/10\/AIDAcara_Start_Weltreise_Hamburg_c_Andre_Lenthe.jpg","datePublished":"2017-10-18T08:48:26+00:00","dateModified":"2019-03-19T21:35:33+00:00","author":{"@id":"https:\/\/tageblatt24.eu\/#\/schema\/person\/676f81d2e0f46b203faa54bb1d1f455d"},"description":"AIDAcara startete am 17.10.2017 in Hamburg zu ihrer ersten Weltreise. Verabschiedet wurde das Kreuzfahrtschiff mit einem gro\u00dfen Feuerwerk.","breadcrumb":{"@id":"https:\/\/tageblatt24.eu\/?p=3090#breadcrumb"},"inLanguage":"de","potentialAction":[{"@type":"ReadAction","target":["https:\/\/tageblatt24.eu\/?p=3090"]}]},{"@type":"ImageObject","inLanguage":"de","@id":"https:\/\/tageblatt24.eu\/?p=3090#primaryimage","url":"https:\/\/tageblatt24.eu\/wp-content\/uploads\/2017\/10\/AIDAcara_Start_Weltreise_Hamburg_c_Andre_Lenthe.jpg","contentUrl":"https:\/\/tageblatt24.eu\/wp-content\/uploads\/2017\/10\/AIDAcara_Start_Weltreise_Hamburg_c_Andre_Lenthe.jpg","width":"640","height":"426","caption":"AIDACara"},{"@type":"BreadcrumbList","@id":"https:\/\/tageblatt24.eu\/?p=3090#breadcrumb","itemListElement":[{"@type":"ListItem","position":1,"name":"Start","item":"https:\/\/tageblatt24.eu\/"},{"@type":"ListItem","position":2,"name":"AIDAcara startete am 17.10.2017 in Hamburg zu ihrer ersten Weltreise"}]},{"@type":"WebSite","@id":"https:\/\/tageblatt24.eu\/#website","url":"https:\/\/tageblatt24.eu\/","name":"Tageblatt24.eu | News &amp; Nachrichten f\u00fcr Tierfreunde","description":"Das Nachrichtenmagazin f\u00fcr Tierfreunde aus Hamburg \u2013 Bremen \u2013 Niedersachsen \u2013 Schleswig-Holstein und der Welt","potentialAction":[{"@type":"SearchAction","target":{"@type":"EntryPoint","urlTemplate":"https:\/\/tageblatt24.eu\/?s={search_term_string}"},"query-input":{"@type":"PropertyValueSpecification","valueRequired":true,"valueName":"search_term_string"}}],"inLanguage":"de"},{"@type":"Person","@id":"https:\/\/tageblatt24.eu\/#\/schema\/person\/676f81d2e0f46b203faa54bb1d1f455d","name":"Tageblatt24.eu","url":"https:\/\/tageblatt24.eu\/?author=1"}]}},"_links":{"self":[{"href":"https:\/\/tageblatt24.eu\/index.php?rest_route=\/wp\/v2\/posts\/3090","targetHints":{"allow":["GET"]}}],"collection":[{"href":"https:\/\/tageblatt24.eu\/index.php?rest_route=\/wp\/v2\/posts"}],"about":[{"href":"https:\/\/tageblatt24.eu\/index.php?rest_route=\/wp\/v2\/types\/post"}],"author":[{"embeddable":true,"href":"https:\/\/tageblatt24.eu\/index.php?rest_route=\/wp\/v2\/users\/1"}],"replies":[{"embeddable":true,"href":"https:\/\/tageblatt24.eu\/index.php?rest_route=%2Fwp%2Fv2%2Fcomments&post=3090"}],"version-history":[{"count":1,"href":"https:\/\/tageblatt24.eu\/index.php?rest_route=\/wp\/v2\/posts\/3090\/revisions"}],"predecessor-version":[{"id":4007,"href":"https:\/\/tageblatt24.eu\/index.php?rest_route=\/wp\/v2\/posts\/3090\/revisions\/4007"}],"wp:featuredmedia":[{"embeddable":true,"href":"https:\/\/tageblatt24.eu\/index.php?rest_route=\/wp\/v2\/media\/3091"}],"wp:attachment":[{"href":"https:\/\/tageblatt24.eu\/index.php?rest_route=%2Fwp%2Fv2%2Fmedia&parent=3090"}],"wp:term":[{"taxonomy":"category","embeddable":true,"href":"https:\/\/tageblatt24.eu\/index.php?rest_route=%2Fwp%2Fv2%2Fcategories&post=3090"},{"taxonomy":"post_tag","embeddable":true,"href":"https:\/\/tageblatt24.eu\/index.php?rest_route=%2Fwp%2Fv2%2Ftags&post=3090"}],"curies":[{"name":"wp","href":"https:\/\/api.w.org\/{rel}","templated":true}]}}