{"id":619,"date":"2016-11-14T21:49:23","date_gmt":"2016-11-14T20:49:23","guid":{"rendered":"https:\/\/tageblatt24.eu\/?p=619"},"modified":"2016-12-19T02:36:04","modified_gmt":"2016-12-19T01:36:04","slug":"autoversenken-im-fleet-in-bremen-borgfeld-am-unteren-feld","status":"publish","type":"post","link":"https:\/\/tageblatt24.eu\/?p=619","title":{"rendered":"Autoversenken im Fleet in Bremen-Borgfeld, Am Unteren Feld"},"content":{"rendered":"<p><img decoding=\"async\" class=\"alignright size-full wp-image-620\" src=\"https:\/\/tageblatt24.eu\/wp-content\/uploads\/2016\/11\/Bremen-Auto-im-Fleet.jpg\" alt=\"Autoversenken im Fleet Bremen-Borgfeld\" width=\"430\" height=\"322\" srcset=\"https:\/\/tageblatt24.eu\/wp-content\/uploads\/2016\/11\/Bremen-Auto-im-Fleet.jpg 430w, https:\/\/tageblatt24.eu\/wp-content\/uploads\/2016\/11\/Bremen-Auto-im-Fleet-280x210.jpg 280w, https:\/\/tageblatt24.eu\/wp-content\/uploads\/2016\/11\/Bremen-Auto-im-Fleet-337x252.jpg 337w, https:\/\/tageblatt24.eu\/wp-content\/uploads\/2016\/11\/Bremen-Auto-im-Fleet-150x112.jpg 150w, https:\/\/tageblatt24.eu\/wp-content\/uploads\/2016\/11\/Bremen-Auto-im-Fleet-210x157.jpg 210w\" sizes=\"(max-width: 430px) 100vw, 430px\" \/><\/p>\n<p><strong><i>Bremen<\/i>\u00a0&#8211;<\/strong> Ort: Bremen-Borgfeld, Am Unteren Feld Zeit: 12.11.2016, gegen 11 Uhr<\/p>\n<p>Samstagvormittag rollte der Wagen eines 63-J\u00e4hrigen in einen Fleet. Der BMW musste durch die Feuerwehr Bremen geborgen werden.<\/p>\n<p>Der Bremer wollte nach eigenen Angaben Einkaufen fahren. Da er etwas im Haus vergessen hatte, lie\u00df er den Motor laufen und wollte nur kurz etwas aus dem Haus holen. Dabei verga\u00df der 63-J\u00e4hrige den Gang einzulegen oder mindestens die Handbremse anzuziehen. Durch die absch\u00fcssige Pflasterung rollte der Wagen r\u00fcckw\u00e4rts auf die Stra\u00dfe, \u00fcber den Bordstein in den gegen\u00fcberliegenden Fleet. Die eingetroffenen Polizisten alarmierten die Feuerwehr Bremen, die den BMW mit einer Seilwinde aus dem Fleet zogen. Der Kofferraum war mit Wasser vollgelaufen. Betriebsstoffe des Autos waren gl\u00fccklicherweise nicht in den Fleet gelaufen.<\/p>\n<p>Die Polizei weist in diesem Zusammenhang noch einmal auf die Sicherungspflichten von Fahrzeughaltern und -f\u00fchrern hin. Verschlie\u00dfen Sie Ihr Fahrzeug beim Verlassen und sichern es gegen Wegrollen.<\/p>\n<p>&nbsp;<\/p>\n<p>***<br \/>\nBild &amp; Text: Stephan Alken &#8211;\u00a0<a href=\"http:\/\/www.presseportal.de\/blaulicht\/nr\/35235\" target=\"_blank\">Pressestelle Polizei Bremen<\/a><\/p>\n<p>&nbsp;<\/p>\n<p><a href=\"https:\/\/a.partner-versicherung.de\/click.php?partner_id=83814&amp;ad_id=1207&amp;deep=kfz-versicherung\" target=\"_blank\"><img decoding=\"async\" src=\"https:\/\/a.partner-versicherung.de\/view.php?partner_id=83814&amp;ad_id=1207\" \/><\/a><\/p>\n<div class=\"shariff shariff-align-left shariff-widget-align-left shariff-buttonstretch\" style=\"display:none\" data-services=\"facebook%7Cpinterest\" data-url=\"https:\/\/tageblatt24.eu\/?p=619\" data-timestamp=\"1482114964\" data-hidezero=\"1\" data-backendurl=\"?rest_route=\/shariff\/v1\/share_counts&\"><ul class=\"shariff-buttons theme-default orientation-horizontal buttonsize-medium\"><li class=\"shariff-button facebook shariff-nocustomcolor\" style=\"background-color:#4273c8\"><a href=\"https:\/\/www.facebook.com\/sharer\/sharer.php?u=https%3A%2F%2Ftageblatt24.eu%2F%3Fp%3D619\" title=\"Bei Facebook teilen\" aria-label=\"Bei Facebook teilen\" role=\"button\" rel=\"nofollow\" class=\"shariff-link\" style=\"; background-color:#3b5998; color:#fff\" target=\"_blank\"><span class=\"shariff-icon\" style=\"\"><svg width=\"32px\" height=\"20px\" xmlns=\"http:\/\/www.w3.org\/2000\/svg\" viewBox=\"0 0 18 32\"><path fill=\"#3b5998\" d=\"M17.1 0.2v4.7h-2.8q-1.5 0-2.1 0.6t-0.5 1.9v3.4h5.2l-0.7 5.3h-4.5v13.6h-5.5v-13.6h-4.5v-5.3h4.5v-3.9q0-3.3 1.9-5.2t5-1.8q2.6 0 4.1 0.2z\"\/><\/svg><\/span><span class=\"shariff-text\">teilen<\/span>&nbsp;<span data-service=\"facebook\" style=\"color:#3b5998\" class=\"shariff-count shariff-hidezero\"><\/span>&nbsp;<\/a><\/li><li class=\"shariff-button twitter shariff-nocustomcolor\" style=\"background-color:#595959\"><a href=\"https:\/\/twitter.com\/share?url=https%3A%2F%2Ftageblatt24.eu%2F%3Fp%3D619&text=Autoversenken%20im%20Fleet%20in%20Bremen-Borgfeld%2C%20Am%20Unteren%20Feld&via=hkorsten\" title=\"Bei X teilen\" aria-label=\"Bei X teilen\" role=\"button\" rel=\"noopener nofollow\" class=\"shariff-link\" style=\"; background-color:#000; color:#fff\" target=\"_blank\"><span class=\"shariff-icon\" style=\"\"><svg width=\"32px\" height=\"20px\" xmlns=\"http:\/\/www.w3.org\/2000\/svg\" viewBox=\"0 0 24 24\"><path fill=\"#000\" d=\"M14.258 10.152L23.176 0h-2.113l-7.747 8.813L7.133 0H0l9.352 13.328L0 23.973h2.113l8.176-9.309 6.531 9.309h7.133zm-2.895 3.293l-.949-1.328L2.875 1.56h3.246l6.086 8.523.945 1.328 7.91 11.078h-3.246zm0 0\"\/><\/svg><\/span><span class=\"shariff-text\">teilen<\/span>&nbsp;<\/a><\/li><li class=\"shariff-button xing shariff-nocustomcolor\" style=\"background-color:#29888a\"><a href=\"https:\/\/www.xing.com\/spi\/shares\/new?url=https%3A%2F%2Ftageblatt24.eu%2F%3Fp%3D619\" title=\"Bei XING teilen\" aria-label=\"Bei XING teilen\" role=\"button\" rel=\"noopener nofollow\" class=\"shariff-link\" style=\"; background-color:#126567; color:#fff\" target=\"_blank\"><span class=\"shariff-icon\" style=\"\"><svg width=\"32px\" height=\"20px\" xmlns=\"http:\/\/www.w3.org\/2000\/svg\" viewBox=\"0 0 25 32\"><path fill=\"#126567\" d=\"M10.7 11.9q-0.2 0.3-4.6 8.2-0.5 0.8-1.2 0.8h-4.3q-0.4 0-0.5-0.3t0-0.6l4.5-8q0 0 0 0l-2.9-5q-0.2-0.4 0-0.7 0.2-0.3 0.5-0.3h4.3q0.7 0 1.2 0.8zM25.1 0.4q0.2 0.3 0 0.7l-9.4 16.7 6 11q0.2 0.4 0 0.6-0.2 0.3-0.6 0.3h-4.3q-0.7 0-1.2-0.8l-6-11.1q0.3-0.6 9.5-16.8 0.4-0.8 1.2-0.8h4.3q0.4 0 0.5 0.3z\"\/><\/svg><\/span><span class=\"shariff-text\">teilen<\/span>&nbsp;<\/a><\/li><li class=\"shariff-button linkedin shariff-nocustomcolor\" style=\"background-color:#1488bf\"><a href=\"https:\/\/www.linkedin.com\/sharing\/share-offsite\/?url=https%3A%2F%2Ftageblatt24.eu%2F%3Fp%3D619\" title=\"Bei LinkedIn teilen\" aria-label=\"Bei LinkedIn teilen\" role=\"button\" rel=\"noopener nofollow\" class=\"shariff-link\" style=\"; background-color:#0077b5; color:#fff\" target=\"_blank\"><span class=\"shariff-icon\" style=\"\"><svg width=\"32px\" height=\"20px\" xmlns=\"http:\/\/www.w3.org\/2000\/svg\" viewBox=\"0 0 27 32\"><path fill=\"#0077b5\" d=\"M6.2 11.2v17.7h-5.9v-17.7h5.9zM6.6 5.7q0 1.3-0.9 2.2t-2.4 0.9h0q-1.5 0-2.4-0.9t-0.9-2.2 0.9-2.2 2.4-0.9 2.4 0.9 0.9 2.2zM27.4 18.7v10.1h-5.9v-9.5q0-1.9-0.7-2.9t-2.3-1.1q-1.1 0-1.9 0.6t-1.2 1.5q-0.2 0.5-0.2 1.4v9.9h-5.9q0-7.1 0-11.6t0-5.3l0-0.9h5.9v2.6h0q0.4-0.6 0.7-1t1-0.9 1.6-0.8 2-0.3q3 0 4.9 2t1.9 6z\"\/><\/svg><\/span><span class=\"shariff-text\">teilen<\/span>&nbsp;<\/a><\/li><li class=\"shariff-button pinterest shariff-nocustomcolor\" style=\"background-color:#e70f18\"><a href=\"https:\/\/www.pinterest.com\/pin\/create\/link\/?url=https%3A%2F%2Ftageblatt24.eu%2F%3Fp%3D619&media=https%3A%2F%2Ftageblatt24.eu%2Fwp-content%2Fuploads%2F2016%2F11%2FBremen-Auto-im-Fleet.jpg&description=Autoversenken%20im%20Fleet%20in%20Bremen-Borgfeld%2C%20Am%20Unteren%20Feld\" title=\"Bei Pinterest pinnen\" aria-label=\"Bei Pinterest pinnen\" role=\"button\" rel=\"noopener nofollow\" class=\"shariff-link\" style=\"; background-color:#cb2027; color:#fff\" target=\"_blank\"><span class=\"shariff-icon\" style=\"\"><svg width=\"32px\" height=\"20px\" xmlns=\"http:\/\/www.w3.org\/2000\/svg\" viewBox=\"0 0 27 32\"><path fill=\"#cb2027\" d=\"M27.4 16q0 3.7-1.8 6.9t-5 5-6.9 1.9q-2 0-3.9-0.6 1.1-1.7 1.4-2.9 0.2-0.6 1-3.8 0.4 0.7 1.3 1.2t2 0.5q2.1 0 3.8-1.2t2.7-3.4 0.9-4.8q0-2-1.1-3.8t-3.1-2.9-4.5-1.2q-1.9 0-3.5 0.5t-2.8 1.4-2 2-1.2 2.3-0.4 2.4q0 1.9 0.7 3.3t2.1 2q0.5 0.2 0.7-0.4 0-0.1 0.1-0.5t0.2-0.5q0.1-0.4-0.2-0.8-0.9-1.1-0.9-2.7 0-2.7 1.9-4.6t4.9-2q2.7 0 4.2 1.5t1.5 3.8q0 3-1.2 5.2t-3.1 2.1q-1.1 0-1.7-0.8t-0.4-1.9q0.1-0.6 0.5-1.7t0.5-1.8 0.2-1.4q0-0.9-0.5-1.5t-1.4-0.6q-1.1 0-1.9 1t-0.8 2.6q0 1.3 0.4 2.2l-1.8 7.5q-0.3 1.2-0.2 3.2-3.7-1.6-6-5t-2.3-7.6q0-3.7 1.9-6.9t5-5 6.9-1.9 6.9 1.9 5 5 1.8 6.9z\"\/><\/svg><\/span><span class=\"shariff-text\">merken<\/span>&nbsp;<span data-service=\"pinterest\" style=\"color:#cb2027\" class=\"shariff-count shariff-hidezero\"><\/span>&nbsp;<\/a><\/li><\/ul><\/div>","protected":false},"excerpt":{"rendered":"<p>Bremen\u00a0&#8211; Ort: Bremen-Borgfeld, Am Unteren Feld Zeit: 12.11.2016, gegen 11 Uhr Samstagvormittag rollte der Wagen eines 63-J\u00e4hrigen in einen Fleet. Der BMW musste durch die Feuerwehr Bremen geborgen werden. Der Bremer wollte nach eigenen Angaben Einkaufen fahren. Da er etwas im Haus vergessen hatte, lie\u00df er den Motor laufen und wollte nur kurz etwas aus [&hellip;]<\/p>\n","protected":false},"author":1,"featured_media":620,"comment_status":"open","ping_status":"closed","sticky":false,"template":"","format":"standard","meta":{"site-sidebar-layout":"default","site-content-layout":"","ast-site-content-layout":"default","site-content-style":"default","site-sidebar-style":"default","ast-global-header-display":"","ast-banner-title-visibility":"","ast-main-header-display":"","ast-hfb-above-header-display":"","ast-hfb-below-header-display":"","ast-hfb-mobile-header-display":"","site-post-title":"","ast-breadcrumbs-content":"","ast-featured-img":"","footer-sml-layout":"","ast-disable-related-posts":"","theme-transparent-header-meta":"","adv-header-id-meta":"","stick-header-meta":"","header-above-stick-meta":"","header-main-stick-meta":"","header-below-stick-meta":"","astra-migrate-meta-layouts":"default","ast-page-background-enabled":"default","ast-page-background-meta":{"desktop":{"background-color":"","background-image":"","background-repeat":"repeat","background-position":"center center","background-size":"auto","background-attachment":"scroll","background-type":"","background-media":"","overlay-type":"","overlay-color":"","overlay-opacity":"","overlay-gradient":""},"tablet":{"background-color":"","background-image":"","background-repeat":"repeat","background-position":"center center","background-size":"auto","background-attachment":"scroll","background-type":"","background-media":"","overlay-type":"","overlay-color":"","overlay-opacity":"","overlay-gradient":""},"mobile":{"background-color":"","background-image":"","background-repeat":"repeat","background-position":"center center","background-size":"auto","background-attachment":"scroll","background-type":"","background-media":"","overlay-type":"","overlay-color":"","overlay-opacity":"","overlay-gradient":""}},"ast-content-background-meta":{"desktop":{"background-color":"var(--ast-global-color-5)","background-image":"","background-repeat":"repeat","background-position":"center center","background-size":"auto","background-attachment":"scroll","background-type":"","background-media":"","overlay-type":"","overlay-color":"","overlay-opacity":"","overlay-gradient":""},"tablet":{"background-color":"var(--ast-global-color-5)","background-image":"","background-repeat":"repeat","background-position":"center center","background-size":"auto","background-attachment":"scroll","background-type":"","background-media":"","overlay-type":"","overlay-color":"","overlay-opacity":"","overlay-gradient":""},"mobile":{"background-color":"var(--ast-global-color-5)","background-image":"","background-repeat":"repeat","background-position":"center center","background-size":"auto","background-attachment":"scroll","background-type":"","background-media":"","overlay-type":"","overlay-color":"","overlay-opacity":"","overlay-gradient":""}},"footnotes":""},"categories":[7,42,19,5,8,53,1,41],"tags":[],"class_list":["post-619","post","type-post","status-publish","format-standard","has-post-thumbnail","hentry","category-aktuell","category-allgemein","category-auto-technik","category-bremen","category-news","category-polzeimeldungen","category-themen-a-k","category-themen-l-z"],"yoast_head":"<!-- This site is optimized with the Yoast SEO plugin v28.3 - https:\/\/yoast.com\/product\/yoast-seo-wordpress\/ -->\n<title>Autoversenken im Fleet in Bremen-Borgfeld, Am Unteren Feld.<\/title>\n<meta name=\"description\" content=\"Bremen-Borgfeld: Samstagvormittag rollte der Wagen eines 63-J\u00e4hrigen in einen Fleet. Der BMW musste durch die Feuerwehr Bremen geborgen werden.\" \/>\n<meta name=\"robots\" content=\"index, follow, max-snippet:-1, max-image-preview:large, max-video-preview:-1\" \/>\n<link rel=\"canonical\" href=\"https:\/\/tageblatt24.eu\/?p=619\" \/>\n<meta property=\"og:locale\" content=\"de_DE\" \/>\n<meta property=\"og:type\" content=\"article\" \/>\n<meta property=\"og:title\" content=\"Autoversenken im Fleet in Bremen-Borgfeld, Am Unteren Feld.\" \/>\n<meta property=\"og:description\" content=\"Bremen-Borgfeld: Samstagvormittag rollte der Wagen eines 63-J\u00e4hrigen in einen Fleet. Der BMW musste durch die Feuerwehr Bremen geborgen werden.\" \/>\n<meta property=\"og:url\" content=\"https:\/\/tageblatt24.eu\/?p=619\" \/>\n<meta property=\"og:site_name\" content=\"Tageblatt24.eu | News &amp; Nachrichten f\u00fcr Tierfreunde\" \/>\n<meta property=\"article:published_time\" content=\"2016-11-14T20:49:23+00:00\" \/>\n<meta property=\"article:modified_time\" content=\"2016-12-19T01:36:04+00:00\" \/>\n<meta property=\"og:image\" content=\"https:\/\/tageblatt24.eu\/wp-content\/uploads\/2016\/11\/Bremen-Auto-im-Fleet.jpg\" \/>\n\t<meta property=\"og:image:width\" content=\"430\" \/>\n\t<meta property=\"og:image:height\" content=\"322\" \/>\n\t<meta property=\"og:image:type\" content=\"image\/jpeg\" \/>\n<meta name=\"author\" content=\"Tageblatt24.eu\" \/>\n<meta name=\"twitter:card\" content=\"summary_large_image\" \/>\n<meta name=\"twitter:label1\" content=\"Verfasst von\" \/>\n\t<meta name=\"twitter:data1\" content=\"Tageblatt24.eu\" \/>\n\t<meta name=\"twitter:label2\" content=\"Gesch\u00e4tzte Lesezeit\" \/>\n\t<meta name=\"twitter:data2\" content=\"1\u00a0Minute\" \/>\n<script type=\"application\/ld+json\" class=\"yoast-schema-graph\">{\"@context\":\"https:\\\/\\\/schema.org\",\"@graph\":[{\"@type\":\"Article\",\"@id\":\"https:\\\/\\\/tageblatt24.eu\\\/?p=619#article\",\"isPartOf\":{\"@id\":\"https:\\\/\\\/tageblatt24.eu\\\/?p=619\"},\"author\":{\"name\":\"Tageblatt24.eu\",\"@id\":\"https:\\\/\\\/tageblatt24.eu\\\/#\\\/schema\\\/person\\\/676f81d2e0f46b203faa54bb1d1f455d\"},\"headline\":\"Autoversenken im Fleet in Bremen-Borgfeld, Am Unteren Feld\",\"datePublished\":\"2016-11-14T20:49:23+00:00\",\"dateModified\":\"2016-12-19T01:36:04+00:00\",\"mainEntityOfPage\":{\"@id\":\"https:\\\/\\\/tageblatt24.eu\\\/?p=619\"},\"wordCount\":176,\"commentCount\":0,\"image\":{\"@id\":\"https:\\\/\\\/tageblatt24.eu\\\/?p=619#primaryimage\"},\"thumbnailUrl\":\"https:\\\/\\\/tageblatt24.eu\\\/wp-content\\\/uploads\\\/2016\\\/11\\\/Bremen-Auto-im-Fleet.jpg\",\"articleSection\":{\"0\":\"Aktuell\",\"2\":\"Auto &amp; Technik\",\"3\":\"Bremen\",\"4\":\"Norddeutschland\",\"5\":\"Polzeimeldungen\",\"6\":\"Themen A-K\",\"7\":\"Themen L-Z\"},\"inLanguage\":\"de\",\"potentialAction\":[{\"@type\":\"CommentAction\",\"name\":\"Comment\",\"target\":[\"https:\\\/\\\/tageblatt24.eu\\\/?p=619#respond\"]}]},{\"@type\":\"WebPage\",\"@id\":\"https:\\\/\\\/tageblatt24.eu\\\/?p=619\",\"url\":\"https:\\\/\\\/tageblatt24.eu\\\/?p=619\",\"name\":\"Autoversenken im Fleet in Bremen-Borgfeld, Am Unteren Feld.\",\"isPartOf\":{\"@id\":\"https:\\\/\\\/tageblatt24.eu\\\/#website\"},\"primaryImageOfPage\":{\"@id\":\"https:\\\/\\\/tageblatt24.eu\\\/?p=619#primaryimage\"},\"image\":{\"@id\":\"https:\\\/\\\/tageblatt24.eu\\\/?p=619#primaryimage\"},\"thumbnailUrl\":\"https:\\\/\\\/tageblatt24.eu\\\/wp-content\\\/uploads\\\/2016\\\/11\\\/Bremen-Auto-im-Fleet.jpg\",\"datePublished\":\"2016-11-14T20:49:23+00:00\",\"dateModified\":\"2016-12-19T01:36:04+00:00\",\"author\":{\"@id\":\"https:\\\/\\\/tageblatt24.eu\\\/#\\\/schema\\\/person\\\/676f81d2e0f46b203faa54bb1d1f455d\"},\"description\":\"Bremen-Borgfeld: Samstagvormittag rollte der Wagen eines 63-J\u00e4hrigen in einen Fleet. Der BMW musste durch die Feuerwehr Bremen geborgen werden.\",\"breadcrumb\":{\"@id\":\"https:\\\/\\\/tageblatt24.eu\\\/?p=619#breadcrumb\"},\"inLanguage\":\"de\",\"potentialAction\":[{\"@type\":\"ReadAction\",\"target\":[\"https:\\\/\\\/tageblatt24.eu\\\/?p=619\"]}]},{\"@type\":\"ImageObject\",\"inLanguage\":\"de\",\"@id\":\"https:\\\/\\\/tageblatt24.eu\\\/?p=619#primaryimage\",\"url\":\"https:\\\/\\\/tageblatt24.eu\\\/wp-content\\\/uploads\\\/2016\\\/11\\\/Bremen-Auto-im-Fleet.jpg\",\"contentUrl\":\"https:\\\/\\\/tageblatt24.eu\\\/wp-content\\\/uploads\\\/2016\\\/11\\\/Bremen-Auto-im-Fleet.jpg\",\"width\":\"430\",\"height\":\"322\",\"caption\":\"Autoversenken im Fleet in Bremen\"},{\"@type\":\"BreadcrumbList\",\"@id\":\"https:\\\/\\\/tageblatt24.eu\\\/?p=619#breadcrumb\",\"itemListElement\":[{\"@type\":\"ListItem\",\"position\":1,\"name\":\"Start\",\"item\":\"https:\\\/\\\/tageblatt24.eu\\\/\"},{\"@type\":\"ListItem\",\"position\":2,\"name\":\"Autoversenken im Fleet in Bremen-Borgfeld, Am Unteren Feld\"}]},{\"@type\":\"WebSite\",\"@id\":\"https:\\\/\\\/tageblatt24.eu\\\/#website\",\"url\":\"https:\\\/\\\/tageblatt24.eu\\\/\",\"name\":\"Tageblatt24.eu | News &amp; Nachrichten f\u00fcr Tierfreunde\",\"description\":\"Das Nachrichtenmagazin f\u00fcr Tierfreunde aus Hamburg \u2013 Bremen \u2013 Niedersachsen \u2013 Schleswig-Holstein und der Welt\",\"potentialAction\":[{\"@type\":\"SearchAction\",\"target\":{\"@type\":\"EntryPoint\",\"urlTemplate\":\"https:\\\/\\\/tageblatt24.eu\\\/?s={search_term_string}\"},\"query-input\":{\"@type\":\"PropertyValueSpecification\",\"valueRequired\":true,\"valueName\":\"search_term_string\"}}],\"inLanguage\":\"de\"},{\"@type\":\"Person\",\"@id\":\"https:\\\/\\\/tageblatt24.eu\\\/#\\\/schema\\\/person\\\/676f81d2e0f46b203faa54bb1d1f455d\",\"name\":\"Tageblatt24.eu\",\"url\":\"https:\\\/\\\/tageblatt24.eu\\\/?author=1\"}]}<\/script>\n<!-- \/ Yoast SEO plugin. -->","yoast_head_json":{"title":"Autoversenken im Fleet in Bremen-Borgfeld, Am Unteren Feld.","description":"Bremen-Borgfeld: Samstagvormittag rollte der Wagen eines 63-J\u00e4hrigen in einen Fleet. Der BMW musste durch die Feuerwehr Bremen geborgen werden.","robots":{"index":"index","follow":"follow","max-snippet":"max-snippet:-1","max-image-preview":"max-image-preview:large","max-video-preview":"max-video-preview:-1"},"canonical":"https:\/\/tageblatt24.eu\/?p=619","og_locale":"de_DE","og_type":"article","og_title":"Autoversenken im Fleet in Bremen-Borgfeld, Am Unteren Feld.","og_description":"Bremen-Borgfeld: Samstagvormittag rollte der Wagen eines 63-J\u00e4hrigen in einen Fleet. Der BMW musste durch die Feuerwehr Bremen geborgen werden.","og_url":"https:\/\/tageblatt24.eu\/?p=619","og_site_name":"Tageblatt24.eu | News &amp; Nachrichten f\u00fcr Tierfreunde","article_published_time":"2016-11-14T20:49:23+00:00","article_modified_time":"2016-12-19T01:36:04+00:00","og_image":[{"width":430,"height":322,"url":"https:\/\/tageblatt24.eu\/wp-content\/uploads\/2016\/11\/Bremen-Auto-im-Fleet.jpg","type":"image\/jpeg"}],"author":"Tageblatt24.eu","twitter_card":"summary_large_image","twitter_misc":{"Verfasst von":"Tageblatt24.eu","Gesch\u00e4tzte Lesezeit":"1\u00a0Minute"},"schema":{"@context":"https:\/\/schema.org","@graph":[{"@type":"Article","@id":"https:\/\/tageblatt24.eu\/?p=619#article","isPartOf":{"@id":"https:\/\/tageblatt24.eu\/?p=619"},"author":{"name":"Tageblatt24.eu","@id":"https:\/\/tageblatt24.eu\/#\/schema\/person\/676f81d2e0f46b203faa54bb1d1f455d"},"headline":"Autoversenken im Fleet in Bremen-Borgfeld, Am Unteren Feld","datePublished":"2016-11-14T20:49:23+00:00","dateModified":"2016-12-19T01:36:04+00:00","mainEntityOfPage":{"@id":"https:\/\/tageblatt24.eu\/?p=619"},"wordCount":176,"commentCount":0,"image":{"@id":"https:\/\/tageblatt24.eu\/?p=619#primaryimage"},"thumbnailUrl":"https:\/\/tageblatt24.eu\/wp-content\/uploads\/2016\/11\/Bremen-Auto-im-Fleet.jpg","articleSection":{"0":"Aktuell","2":"Auto &amp; Technik","3":"Bremen","4":"Norddeutschland","5":"Polzeimeldungen","6":"Themen A-K","7":"Themen L-Z"},"inLanguage":"de","potentialAction":[{"@type":"CommentAction","name":"Comment","target":["https:\/\/tageblatt24.eu\/?p=619#respond"]}]},{"@type":"WebPage","@id":"https:\/\/tageblatt24.eu\/?p=619","url":"https:\/\/tageblatt24.eu\/?p=619","name":"Autoversenken im Fleet in Bremen-Borgfeld, Am Unteren Feld.","isPartOf":{"@id":"https:\/\/tageblatt24.eu\/#website"},"primaryImageOfPage":{"@id":"https:\/\/tageblatt24.eu\/?p=619#primaryimage"},"image":{"@id":"https:\/\/tageblatt24.eu\/?p=619#primaryimage"},"thumbnailUrl":"https:\/\/tageblatt24.eu\/wp-content\/uploads\/2016\/11\/Bremen-Auto-im-Fleet.jpg","datePublished":"2016-11-14T20:49:23+00:00","dateModified":"2016-12-19T01:36:04+00:00","author":{"@id":"https:\/\/tageblatt24.eu\/#\/schema\/person\/676f81d2e0f46b203faa54bb1d1f455d"},"description":"Bremen-Borgfeld: Samstagvormittag rollte der Wagen eines 63-J\u00e4hrigen in einen Fleet. Der BMW musste durch die Feuerwehr Bremen geborgen werden.","breadcrumb":{"@id":"https:\/\/tageblatt24.eu\/?p=619#breadcrumb"},"inLanguage":"de","potentialAction":[{"@type":"ReadAction","target":["https:\/\/tageblatt24.eu\/?p=619"]}]},{"@type":"ImageObject","inLanguage":"de","@id":"https:\/\/tageblatt24.eu\/?p=619#primaryimage","url":"https:\/\/tageblatt24.eu\/wp-content\/uploads\/2016\/11\/Bremen-Auto-im-Fleet.jpg","contentUrl":"https:\/\/tageblatt24.eu\/wp-content\/uploads\/2016\/11\/Bremen-Auto-im-Fleet.jpg","width":"430","height":"322","caption":"Autoversenken im Fleet in Bremen"},{"@type":"BreadcrumbList","@id":"https:\/\/tageblatt24.eu\/?p=619#breadcrumb","itemListElement":[{"@type":"ListItem","position":1,"name":"Start","item":"https:\/\/tageblatt24.eu\/"},{"@type":"ListItem","position":2,"name":"Autoversenken im Fleet in Bremen-Borgfeld, Am Unteren Feld"}]},{"@type":"WebSite","@id":"https:\/\/tageblatt24.eu\/#website","url":"https:\/\/tageblatt24.eu\/","name":"Tageblatt24.eu | News &amp; Nachrichten f\u00fcr Tierfreunde","description":"Das Nachrichtenmagazin f\u00fcr Tierfreunde aus Hamburg \u2013 Bremen \u2013 Niedersachsen \u2013 Schleswig-Holstein und der Welt","potentialAction":[{"@type":"SearchAction","target":{"@type":"EntryPoint","urlTemplate":"https:\/\/tageblatt24.eu\/?s={search_term_string}"},"query-input":{"@type":"PropertyValueSpecification","valueRequired":true,"valueName":"search_term_string"}}],"inLanguage":"de"},{"@type":"Person","@id":"https:\/\/tageblatt24.eu\/#\/schema\/person\/676f81d2e0f46b203faa54bb1d1f455d","name":"Tageblatt24.eu","url":"https:\/\/tageblatt24.eu\/?author=1"}]}},"_links":{"self":[{"href":"https:\/\/tageblatt24.eu\/index.php?rest_route=\/wp\/v2\/posts\/619","targetHints":{"allow":["GET"]}}],"collection":[{"href":"https:\/\/tageblatt24.eu\/index.php?rest_route=\/wp\/v2\/posts"}],"about":[{"href":"https:\/\/tageblatt24.eu\/index.php?rest_route=\/wp\/v2\/types\/post"}],"author":[{"embeddable":true,"href":"https:\/\/tageblatt24.eu\/index.php?rest_route=\/wp\/v2\/users\/1"}],"replies":[{"embeddable":true,"href":"https:\/\/tageblatt24.eu\/index.php?rest_route=%2Fwp%2Fv2%2Fcomments&post=619"}],"version-history":[{"count":0,"href":"https:\/\/tageblatt24.eu\/index.php?rest_route=\/wp\/v2\/posts\/619\/revisions"}],"wp:featuredmedia":[{"embeddable":true,"href":"https:\/\/tageblatt24.eu\/index.php?rest_route=\/wp\/v2\/media\/620"}],"wp:attachment":[{"href":"https:\/\/tageblatt24.eu\/index.php?rest_route=%2Fwp%2Fv2%2Fmedia&parent=619"}],"wp:term":[{"taxonomy":"category","embeddable":true,"href":"https:\/\/tageblatt24.eu\/index.php?rest_route=%2Fwp%2Fv2%2Fcategories&post=619"},{"taxonomy":"post_tag","embeddable":true,"href":"https:\/\/tageblatt24.eu\/index.php?rest_route=%2Fwp%2Fv2%2Ftags&post=619"}],"curies":[{"name":"wp","href":"https:\/\/api.w.org\/{rel}","templated":true}]}}